{"id":79749,"date":"2026-05-02T20:30:10","date_gmt":"2026-05-02T20:30:10","guid":{"rendered":"https:\/\/bihavadis.com\/?p=79749"},"modified":"2026-05-02T20:30:10","modified_gmt":"2026-05-02T20:30:10","slug":"izmirde-rampada-kayan-vinc-iki-otomobili-ezdi","status":"publish","type":"post","link":"https:\/\/bihavadis.com\/index.php\/2026\/05\/02\/izmirde-rampada-kayan-vinc-iki-otomobili-ezdi\/","title":{"rendered":"\u0130zmir&#8217;de rampada kayan vin\u00e7, iki otomobili ezdi"},"content":{"rendered":"<p>\u0130zmir&#8217;in Konak il\u00e7esinde, korkun\u00e7 kaza&#8230;<\/p>\n<p>Bo\u011fazi\u00e7i Caddesi 2208 Sokak&#8217;ta O.\u00c7. y\u00f6netimindeki vin\u00e7, rampada geri kayd\u0131.<\/p>\n<p>Geri giden vin\u00e7, Egemen Do\u011fan&#8217;\u0131n kulland\u0131\u011f\u0131 otomobil ile park halindeki Hasan G\u00f6k\u00e7e&#8217;ye ait otomobili s\u00fcr\u00fckleyip, ezdi.<\/p>\n<p><strong>AYDINLATMA D\u0130RE\u011e\u0130NE \u00c7ARPTI<\/strong><\/p>\n<p>Ard\u0131ndan vin\u00e7, yol kenar\u0131ndaki bir ayd\u0131nlatma dire\u011fi ile i\u015f yerinin duvar\u0131na \u00e7arpt\u0131.<\/p>\n<p>Direkte ve i\u015f yerinin duvar\u0131nda hasar olu\u015ftu. O anlar, bir i\u015f yerinin g\u00fcvenlik kameralar\u0131na yans\u0131d\u0131.<\/p>\n<p><strong>&#8220;CANA GELECE\u011e\u0130NE MALA GELS\u0130N DED\u0130K&#8221;<\/strong><\/p>\n<p>Kazada otomobili zarar g\u00f6ren Hasan G\u00f6k\u00e7e, oto aksesuar i\u015fi yapt\u0131\u011f\u0131n\u0131 ve i\u015f yerinde \u00e7al\u0131\u015ft\u0131\u011f\u0131 s\u0131rada kazan\u0131n ger\u00e7ekle\u015fti\u011fini belirtip, &#8220;<em><b>Yukar\u0131dan vincin geri geldi\u011fin g\u00f6rd\u00fck. B\u00fcy\u00fck bir g\u00fcr\u00fclt\u00fc oldu. D\u0131\u015far\u0131 \u00e7\u0131kt\u0131k. Benim otomobilim d\u00fckkan\u0131n \u00f6n\u00fcndeydi. \u00d6nce bir vatanda\u015f\u0131n arac\u0131na, sonra benim arac\u0131ma zarar vermi\u015f.<\/b><\/em><\/p>\n<p><em><b> Ayd\u0131nlatma dire\u011fi olmasa t\u00fcm d\u00fckkan \u00fczerimize iniyordu. D\u00fckkanda 6 ki\u015fi vard\u0131. Cana gelece\u011fine mala gelsin diyece\u011fiz art\u0131k, yapacak bir \u015fey yok.&#8221;<\/b><\/em> dedi.<\/p>\n<p>Kazaya ili\u015fkin soru\u015fturma ba\u015flat\u0131ld\u0131.<\/p>\n<p><img decoding=\"async\" src=\"https:\/\/bihavadis.com\/wp-content\/uploads\/2026\/05\/izmirde-rampada-kayan-vinc-iki-otomobili-ezdi-0-Bg7B6HbN.jpg\"\/><\/p>\n<p><img decoding=\"async\" src=\"https:\/\/bihavadis.com\/wp-content\/uploads\/2026\/05\/izmirde-rampada-kayan-vinc-iki-otomobili-ezdi-1-9f6zKWXL.jpg\"\/><\/p>\n<p><img decoding=\"async\" src=\"https:\/\/bihavadis.com\/wp-content\/uploads\/2026\/05\/izmirde-rampada-kayan-vinc-iki-otomobili-ezdi-2-AhPa7Rbj.jpg\"\/><\/p>\n<p><img decoding=\"async\" src=\"https:\/\/bihavadis.com\/wp-content\/uploads\/2026\/05\/izmirde-rampada-kayan-vinc-iki-otomobili-ezdi-3-2qLUG3uy.jpg\"\/><\/p>\n<p><img decoding=\"async\" src=\"https:\/\/bihavadis.com\/wp-content\/uploads\/2026\/05\/izmirde-rampada-kayan-vinc-iki-otomobili-ezdi-4-vR9KYFGD.jpg\"\/> <\/p>\n<div> <span><strong>Kaynak:<\/strong> Demir\u00f6ren Haber Ajans\u0131 (DHA)<\/span> <\/div>\n","protected":false},"excerpt":{"rendered":"<p>\u0130zmir&#8217;in Konak il\u00e7esinde, korkun\u00e7 kaza&#8230; Bo\u011fazi\u00e7i Caddesi 2208 Sokak&#8217;ta O.\u00c7. y\u00f6netimindeki vin\u00e7, rampada geri kayd\u0131. Geri giden vin\u00e7, Egemen Do\u011fan&#8217;\u0131n kulland\u0131\u011f\u0131 otomobil ile park halindeki Hasan G\u00f6k\u00e7e&#8217;ye ait otomobili s\u00fcr\u00fckleyip, ezdi. AYDINLATMA &#8230;<\/p>\n","protected":false},"author":1,"featured_media":79750,"comment_status":"open","ping_status":"open","sticky":false,"template":"","format":"standard","meta":{"footnotes":""},"categories":[4,13],"tags":[395,3516],"class_list":["post-79749","post","type-post","status-publish","format-standard","has-post-thumbnail","hentry","category-gundem","category-son-dakika","tag-is","tag-oto"],"_links":{"self":[{"href":"https:\/\/bihavadis.com\/index.php\/wp-json\/wp\/v2\/posts\/79749","targetHints":{"allow":["GET"]}}],"collection":[{"href":"https:\/\/bihavadis.com\/index.php\/wp-json\/wp\/v2\/posts"}],"about":[{"href":"https:\/\/bihavadis.com\/index.php\/wp-json\/wp\/v2\/types\/post"}],"author":[{"embeddable":true,"href":"https:\/\/bihavadis.com\/index.php\/wp-json\/wp\/v2\/users\/1"}],"replies":[{"embeddable":true,"href":"https:\/\/bihavadis.com\/index.php\/wp-json\/wp\/v2\/comments?post=79749"}],"version-history":[{"count":1,"href":"https:\/\/bihavadis.com\/index.php\/wp-json\/wp\/v2\/posts\/79749\/revisions"}],"predecessor-version":[{"id":79756,"href":"https:\/\/bihavadis.com\/index.php\/wp-json\/wp\/v2\/posts\/79749\/revisions\/79756"}],"wp:featuredmedia":[{"embeddable":true,"href":"https:\/\/bihavadis.com\/index.php\/wp-json\/wp\/v2\/media\/79750"}],"wp:attachment":[{"href":"https:\/\/bihavadis.com\/index.php\/wp-json\/wp\/v2\/media?parent=79749"}],"wp:term":[{"taxonomy":"category","embeddable":true,"href":"https:\/\/bihavadis.com\/index.php\/wp-json\/wp\/v2\/categories?post=79749"},{"taxonomy":"post_tag","embeddable":true,"href":"https:\/\/bihavadis.com\/index.php\/wp-json\/wp\/v2\/tags?post=79749"}],"curies":[{"name":"wp","href":"https:\/\/api.w.org\/{rel}","templated":true}]}}