{"id":79760,"date":"2026-05-02T20:36:06","date_gmt":"2026-05-02T20:36:06","guid":{"rendered":"https:\/\/bihavadis.com\/?p=79760"},"modified":"2026-05-02T20:36:06","modified_gmt":"2026-05-02T20:36:06","slug":"baskan-pekyatirmacidan-ramazan-bayrami-mesaji","status":"publish","type":"post","link":"https:\/\/bihavadis.com\/index.php\/2026\/05\/02\/baskan-pekyatirmacidan-ramazan-bayrami-mesaji\/","title":{"rendered":"Ba\u015fkan Pekyat\u0131rmac\u0131&#8217;dan Ramazan Bayram\u0131 Mesaj\u0131"},"content":{"rendered":"<p>Sel\u00e7uklu Belediye Ba\u015fkan\u0131 Ahmet Pekyat\u0131rmac\u0131, Ramazan Bayram\u0131 dolay\u0131s\u0131yla bir kutlama mesaj\u0131 yay\u0131mlad\u0131.<\/p>\n<p>Ba\u015fkan Pekyat\u0131rmac\u0131 mesaj\u0131nda \u015fu ifadelere yer verdi:<\/p>\n<p>\u201cRahmeti, bereketi ve ma\u011ffiretiyle g\u00f6n\u00fcllerimizi ku\u015fatan m\u00fcbarek Ramazan ay\u0131n\u0131 geride b\u0131rak\u0131rken, birlik ve karde\u015fli\u011fimizi daha da g\u00fc\u00e7lendiren Ramazan Bayram\u0131\u2019na kavu\u015fman\u0131n mutlulu\u011funu ve huzurunu hep birlikte ya\u015f\u0131yoruz. Rabbimize hamdolsun ki bizleri bir kez daha b\u00f6yle anlaml\u0131 ve m\u00fcbarek g\u00fcnlere ula\u015ft\u0131rd\u0131. Ramazan ay\u0131 boyunca payla\u015fman\u0131n, yard\u0131mla\u015fman\u0131n ve dayan\u0131\u015fman\u0131n en g\u00fczel \u00f6rneklerini ya\u015fad\u0131k. Ayn\u0131 sofralarda bulu\u015fman\u0131n, ihtiya\u00e7 sahiplerini g\u00f6zetmenin ve g\u00f6n\u00fclleri birle\u015ftirmenin huzurunu kalplerimizde hissettik.<\/p>\n<p>Ramazan Bayram\u0131 ise bu g\u00fczel duygular\u0131n en derin \u015fekilde ya\u015fand\u0131\u011f\u0131, sevgi, sayg\u0131 ve karde\u015fli\u011fin g\u00f6n\u00fclden g\u00f6n\u00fcle aktar\u0131ld\u0131\u011f\u0131; b\u00fcy\u00fcklerimizin hay\u0131r dualar\u0131n\u0131 ald\u0131\u011f\u0131m\u0131z, k\u00fc\u00e7\u00fcklerimizin sevinciyle umutland\u0131\u011f\u0131m\u0131z, dostluklar\u0131m\u0131z\u0131 ve akrabal\u0131k ba\u011flar\u0131m\u0131z\u0131 daha da kuvvetlendirdi\u011fimiz m\u00fcstesna zamanlard\u0131r. Bu m\u00fcbarek g\u00fcnlerde k\u0131rg\u0131nl\u0131klar\u0131n unutulmas\u0131n\u0131, g\u00f6n\u00fcllerin birbirine daha da yak\u0131nla\u015fmas\u0131n\u0131, sevgi ve muhabbetin \u00e7o\u011falmas\u0131n\u0131 Rabbimden niyaz ediyorum.<\/p>\n<p>Bayram vesilesiyle yola \u00e7\u0131kacak t\u00fcm vatanda\u015flar\u0131m\u0131z\u0131n trafik kurallar\u0131na riayet etmelerini \u00f6zellikle istirham ediyorum. Sevdiklerimize kavu\u015fman\u0131n en g\u00fczel yolu dikkatli ve sab\u0131rl\u0131 olmaktan ge\u00e7iyor. Hepimizin temennisi; bayram sevincinin h\u00fczne d\u00f6n\u00fc\u015fmemesi, herkesin sevdiklerine sa\u011f salim kavu\u015fmas\u0131d\u0131r.<\/p>\n<p>Bu duygu ve d\u00fc\u015f\u00fcncelerle ba\u015fta siz de\u011ferli hem\u015fehrilerim olmak \u00fczere aziz milletimizin ve t\u00fcm \u0130slam \u00e2leminin Ramazan Bayram\u0131\u2019n\u0131 en kalbi duygular\u0131mla tebrik ediyor; bayram\u0131n t\u00fcm insanl\u0131k i\u00e7in huzura, felaha, esenli\u011fe, karde\u015fli\u011fe vesile olmas\u0131n\u0131 diliyorum. Bayram\u0131n\u0131z m\u00fcbarek olsun, Allah\u2019a emanet olun.\u201d<\/p>\n<p>\u00a0<\/p>\n<p>\u00a0<\/p>\n<p>Kaynak: (BYZHA) Beyaz Haber Ajans\u0131<\/p>\n","protected":false},"excerpt":{"rendered":"<p>Sel\u00e7uklu Belediye Ba\u015fkan\u0131 Ahmet Pekyat\u0131rmac\u0131, Ramazan Bayram\u0131 dolay\u0131s\u0131yla bir kutlama mesaj\u0131 yay\u0131mlad\u0131.<\/p>\n","protected":false},"author":1,"featured_media":79761,"comment_status":"open","ping_status":"open","sticky":false,"template":"","format":"standard","meta":{"footnotes":""},"categories":[4],"tags":[8046,2714],"class_list":["post-79760","post","type-post","status-publish","format-standard","has-post-thumbnail","hentry","category-gundem","tag-bayrami","tag-ramazan"],"_links":{"self":[{"href":"https:\/\/bihavadis.com\/index.php\/wp-json\/wp\/v2\/posts\/79760","targetHints":{"allow":["GET"]}}],"collection":[{"href":"https:\/\/bihavadis.com\/index.php\/wp-json\/wp\/v2\/posts"}],"about":[{"href":"https:\/\/bihavadis.com\/index.php\/wp-json\/wp\/v2\/types\/post"}],"author":[{"embeddable":true,"href":"https:\/\/bihavadis.com\/index.php\/wp-json\/wp\/v2\/users\/1"}],"replies":[{"embeddable":true,"href":"https:\/\/bihavadis.com\/index.php\/wp-json\/wp\/v2\/comments?post=79760"}],"version-history":[{"count":1,"href":"https:\/\/bihavadis.com\/index.php\/wp-json\/wp\/v2\/posts\/79760\/revisions"}],"predecessor-version":[{"id":79762,"href":"https:\/\/bihavadis.com\/index.php\/wp-json\/wp\/v2\/posts\/79760\/revisions\/79762"}],"wp:featuredmedia":[{"embeddable":true,"href":"https:\/\/bihavadis.com\/index.php\/wp-json\/wp\/v2\/media\/79761"}],"wp:attachment":[{"href":"https:\/\/bihavadis.com\/index.php\/wp-json\/wp\/v2\/media?parent=79760"}],"wp:term":[{"taxonomy":"category","embeddable":true,"href":"https:\/\/bihavadis.com\/index.php\/wp-json\/wp\/v2\/categories?post=79760"},{"taxonomy":"post_tag","embeddable":true,"href":"https:\/\/bihavadis.com\/index.php\/wp-json\/wp\/v2\/tags?post=79760"}],"curies":[{"name":"wp","href":"https:\/\/api.w.org\/{rel}","templated":true}]}}