{"id":79790,"date":"2026-05-02T21:00:10","date_gmt":"2026-05-02T21:00:10","guid":{"rendered":"https:\/\/bihavadis.com\/?p=79790"},"modified":"2026-05-02T21:00:10","modified_gmt":"2026-05-02T21:00:10","slug":"vince-baglanan-kisinin-suphelileri-gozaltinda","status":"publish","type":"post","link":"https:\/\/bihavadis.com\/index.php\/2026\/05\/02\/vince-baglanan-kisinin-suphelileri-gozaltinda\/","title":{"rendered":"Vince Ba\u011flanan Ki\u015finin \u015e\u00fcphelileri G\u00f6zalt\u0131nda"},"content":{"rendered":"<p> Ankara&#8217;da, sosyal medyada vince aya\u011f\u0131ndan ba\u011flanan bir ki\u015finin videosunun yay\u0131nlanmas\u0131 \u00fczerine olay\u0131 ger\u00e7ekle\u015ftirdi\u011fi tespit edilen 4 \u015f\u00fcpheli Ankara&#8217;da g\u00f6zalt\u0131na al\u0131nd\u0131.<\/p>\n<p><b>GENC\u0130 AYAKLARINDAN V\u0130NCE BA\u011eLADILAR<\/b><\/p>\n<p>Ankara&#8217;daki bir i\u015f yerinde skandal g\u00f6r\u00fcnt\u00fcler kaydedildi. Bir gen\u00e7, vince ayaklar\u0131ndan ba\u011flan\u0131p i\u015fkence edildi. G\u00f6r\u00fcnt\u00fclerin ard\u0131ndan polis ekipleri d\u00fc\u011fmeye bast\u0131.<\/p>\n<p><b>4 K\u0130\u015e\u0130 YAKALANDI<\/b><\/p>\n<p>Ankara \u0130l Emniyet M\u00fcd\u00fcrl\u00fc\u011f\u00fcnden yap\u0131lan a\u00e7\u0131klamaya g\u00f6re, sosyal medyadaki g\u00f6r\u00fcnt\u00fcler \u00fczerine harekete ge\u00e7en polis ekipleri, ma\u011fdur \u015fahs\u0131n M.S. oldu\u011funu belirledi. Titizlikle y\u00fcr\u00fct\u00fclen \u00e7al\u0131\u015fmalar sonucu, olay\u0131 ger\u00e7ekle\u015ftirdi\u011fi tespit edilen K.B., M.\u015e. ve N.A. ile olay\u0131 \u00f6\u011frenmesine ra\u011fmen g\u00f6z yuman i\u015f yeri sahibi B.\u00c7. g\u00f6zalt\u0131na al\u0131nd\u0131.<\/p>\n<p><b>Z\u0130H\u0130NSEL ENGELL\u0130YM\u0130\u015e<\/b><\/p>\n<p>Olay\u0131n ger\u00e7ekle\u015fti\u011fi i\u015f yerinde 3 y\u0131ld\u0131r getir g\u00f6t\u00fcr i\u015flerinde \u00e7al\u0131\u015fan M.S.&#8217;nin y\u00fczde 61 zihinsel engelli oldu\u011fu, \u015f\u00fcphelilerin, gerekli i\u015flemlerin tamamlanmas\u0131n\u0131n ard\u0131ndan adliyeye sevk edilece\u011fi \u00f6\u011frenildi.<\/p>\n","protected":false},"excerpt":{"rendered":"<p>Ankara&#8217;da sosyal medyada yay\u0131mlanan video sonras\u0131 4 \u015f\u00fcpheli g\u00f6zalt\u0131na al\u0131nd\u0131, ma\u011fdur M.S. engelli.<\/p>\n","protected":false},"author":1,"featured_media":79791,"comment_status":"open","ping_status":"open","sticky":false,"template":"","format":"standard","meta":{"footnotes":""},"categories":[9,4,13],"tags":[395],"class_list":["post-79790","post","type-post","status-publish","format-standard","has-post-thumbnail","hentry","category-genel","category-gundem","category-son-dakika","tag-is"],"_links":{"self":[{"href":"https:\/\/bihavadis.com\/index.php\/wp-json\/wp\/v2\/posts\/79790","targetHints":{"allow":["GET"]}}],"collection":[{"href":"https:\/\/bihavadis.com\/index.php\/wp-json\/wp\/v2\/posts"}],"about":[{"href":"https:\/\/bihavadis.com\/index.php\/wp-json\/wp\/v2\/types\/post"}],"author":[{"embeddable":true,"href":"https:\/\/bihavadis.com\/index.php\/wp-json\/wp\/v2\/users\/1"}],"replies":[{"embeddable":true,"href":"https:\/\/bihavadis.com\/index.php\/wp-json\/wp\/v2\/comments?post=79790"}],"version-history":[{"count":1,"href":"https:\/\/bihavadis.com\/index.php\/wp-json\/wp\/v2\/posts\/79790\/revisions"}],"predecessor-version":[{"id":79792,"href":"https:\/\/bihavadis.com\/index.php\/wp-json\/wp\/v2\/posts\/79790\/revisions\/79792"}],"wp:featuredmedia":[{"embeddable":true,"href":"https:\/\/bihavadis.com\/index.php\/wp-json\/wp\/v2\/media\/79791"}],"wp:attachment":[{"href":"https:\/\/bihavadis.com\/index.php\/wp-json\/wp\/v2\/media?parent=79790"}],"wp:term":[{"taxonomy":"category","embeddable":true,"href":"https:\/\/bihavadis.com\/index.php\/wp-json\/wp\/v2\/categories?post=79790"},{"taxonomy":"post_tag","embeddable":true,"href":"https:\/\/bihavadis.com\/index.php\/wp-json\/wp\/v2\/tags?post=79790"}],"curies":[{"name":"wp","href":"https:\/\/api.w.org\/{rel}","templated":true}]}}