{"id":7989,"date":"2026-01-31T12:18:07","date_gmt":"2026-01-31T12:18:07","guid":{"rendered":"https:\/\/bihavadis.com\/?p=7989"},"modified":"2026-01-31T12:18:07","modified_gmt":"2026-01-31T12:18:07","slug":"171-gocmen-kacakcisi-yakalandi","status":"publish","type":"post","link":"https:\/\/bihavadis.com\/index.php\/2026\/01\/31\/171-gocmen-kacakcisi-yakalandi\/","title":{"rendered":"171 G\u00f6\u00e7men Ka\u00e7ak\u00e7\u0131s\u0131 Yakaland\u0131"},"content":{"rendered":"<p>\n<p>\u0130\u00c7\u0130\u015eLER\u0130 Bakan\u0131 Ali Yerlikaya, 26 ilde 171 g\u00f6\u00e7men ka\u00e7ak\u00e7\u0131l\u0131\u011f\u0131 organizat\u00f6r\u00fcn\u00fcn yakaland\u0131\u011f\u0131n\u0131, 59&#8217;unun tutukland\u0131\u011f\u0131n\u0131 a\u00e7\u0131klad\u0131.<\/p>\n<p> \u0130\u00e7i\u015fleri Bakan\u0131 Ali Yerlikaya, d\u00fczensiz g\u00f6\u00e7le m\u00fccadele kapsam\u0131nda jandarma taraf\u0131ndan son 2 haftad\u0131r yap\u0131lan \u00e7al\u0131\u015fmalar\u0131 sanal medya hesab\u0131ndan duyurdu. Buna g\u00f6re; 26 ildeki operasyonlarda 171 g\u00f6\u00e7men ka\u00e7ak\u00e7\u0131l\u0131\u011f\u0131 organizat\u00f6r\u00fc yakaland\u0131, 86 ara\u00e7 ile 8 bot ele ge\u00e7irildi. \u015e\u00fcphelilerden 59&#8217;u \u00e7\u0131kar\u0131ld\u0131klar\u0131 hakimliklerce tutukland\u0131, 21&#8217;i hakk\u0131nda adli kontrol h\u00fck\u00fcmleri uyguland\u0131. Di\u011ferlerinin i\u015flemleri devam ediyor.<\/p>\n<p>&#8216;CAYDIRICI MEKAN\u0130ZMALAR \u0130\u015eLET\u0130LMEKTED\u0130R&#8217;<\/p>\n<p>Bakan Yerlikaya, &#8220;G\u00f6\u00e7 y\u00f6netiminin g\u00fcvenlik boyutunu; d\u00fczensiz g\u00f6\u00e7 ve g\u00f6\u00e7men ka\u00e7ak\u00e7\u0131l\u0131\u011f\u0131 ile m\u00fccadele alan\u0131nda hukuk devleti ilkeleri ve insan haklar\u0131na riayet temelinde y\u00fcr\u00fct\u00fclen etkin \u00e7al\u0131\u015fmalar olu\u015fturmaktad\u0131r. Bu kapsamda \u00fcst\u00fcn teknolojilerden ve geli\u015fmi\u015f izleme-denetim sistemlerinden yararlan\u0131larak yasa d\u0131\u015f\u0131 g\u00f6\u00e7 yollar\u0131n\u0131 te\u015fvik eden ve organize eden yap\u0131lara kar\u015f\u0131 hem sahada hem de hukuki zeminde g\u00fc\u00e7l\u00fc ve cayd\u0131r\u0131c\u0131 mekanizmalar i\u015fletilmektedir&#8221; dedi. <\/p>\n","protected":false},"excerpt":{"rendered":"<p>\u0130\u00e7i\u015fleri Bakan\u0131, 26 ildeki operasyonlarda 171 ka\u00e7ak\u00e7\u0131dan 59&#8217;unun tutukland\u0131\u011f\u0131n\u0131 duyurdu.<\/p>\n","protected":false},"author":1,"featured_media":7990,"comment_status":"open","ping_status":"open","sticky":false,"template":"","format":"standard","meta":{"footnotes":""},"categories":[9,4,13],"tags":[1713],"class_list":["post-7989","post","type-post","status-publish","format-standard","has-post-thumbnail","hentry","category-genel","category-gundem","category-son-dakika","tag-goc"],"_links":{"self":[{"href":"https:\/\/bihavadis.com\/index.php\/wp-json\/wp\/v2\/posts\/7989","targetHints":{"allow":["GET"]}}],"collection":[{"href":"https:\/\/bihavadis.com\/index.php\/wp-json\/wp\/v2\/posts"}],"about":[{"href":"https:\/\/bihavadis.com\/index.php\/wp-json\/wp\/v2\/types\/post"}],"author":[{"embeddable":true,"href":"https:\/\/bihavadis.com\/index.php\/wp-json\/wp\/v2\/users\/1"}],"replies":[{"embeddable":true,"href":"https:\/\/bihavadis.com\/index.php\/wp-json\/wp\/v2\/comments?post=7989"}],"version-history":[{"count":1,"href":"https:\/\/bihavadis.com\/index.php\/wp-json\/wp\/v2\/posts\/7989\/revisions"}],"predecessor-version":[{"id":7991,"href":"https:\/\/bihavadis.com\/index.php\/wp-json\/wp\/v2\/posts\/7989\/revisions\/7991"}],"wp:featuredmedia":[{"embeddable":true,"href":"https:\/\/bihavadis.com\/index.php\/wp-json\/wp\/v2\/media\/7990"}],"wp:attachment":[{"href":"https:\/\/bihavadis.com\/index.php\/wp-json\/wp\/v2\/media?parent=7989"}],"wp:term":[{"taxonomy":"category","embeddable":true,"href":"https:\/\/bihavadis.com\/index.php\/wp-json\/wp\/v2\/categories?post=7989"},{"taxonomy":"post_tag","embeddable":true,"href":"https:\/\/bihavadis.com\/index.php\/wp-json\/wp\/v2\/tags?post=7989"}],"curies":[{"name":"wp","href":"https:\/\/api.w.org\/{rel}","templated":true}]}}