{"id":79948,"date":"2026-05-02T23:06:09","date_gmt":"2026-05-02T23:06:09","guid":{"rendered":"https:\/\/bihavadis.com\/?p=79948"},"modified":"2026-05-02T23:06:09","modified_gmt":"2026-05-02T23:06:09","slug":"cumhurbaskani-erdogandan-onemli-aciklamalar-8","status":"publish","type":"post","link":"https:\/\/bihavadis.com\/index.php\/2026\/05\/02\/cumhurbaskani-erdogandan-onemli-aciklamalar-8\/","title":{"rendered":"Cumhurba\u015fkan\u0131 Erdo\u011fan&#8217;dan \u00f6nemli a\u00e7\u0131klamalar"},"content":{"rendered":"<p>AK Parti Kongre Merkezi&#8217;nde\u00a0MKYK \u00dcyeleri, Parti Kurullar\u0131, Ankara \u0130l Te\u015fkilat\u0131 ve \u0130l\u00e7e Ba\u015fkanlar\u0131&#8217;n\u0131n kat\u0131l\u0131m\u0131 ile iftar program\u0131 d\u00fczenleniyor.<\/p>\n<p>Programa kat\u0131lan Cumhurba\u015fkan\u0131 Recep Tayyip Erdo\u011fan, burada a\u00e7\u0131klamalarda bulunuyor.\u00a0<\/p>\n<p>\u0130\u015fte Cumhurba\u015fkan\u0131 Erdo\u011fan&#8217;\u0131n a\u00e7\u0131klamalar\u0131ndan \u00f6ne \u00e7\u0131kan sat\u0131rba\u015flar\u0131:<\/p>\n<p>B\u00f6yle m\u00fcbarek bir ak\u015famda, b\u00f6ylesine g\u00fczel bir atmosferde sizlerle beraber olmaktan duydu\u011fum memnuniyeti \u00f6zellikle ifade etmek istiyorum. G\u00f6n\u00fcllerimizi bu bereket sofras\u0131nda bir araya getiren partimizin genel sekreterli\u011fine te\u015fekk\u00fcr ediyor, davetimize icabet eden siz karde\u015flerime de \u015f\u00fckranlar\u0131m\u0131 sunuyorum.<\/p>\n<p>AK Parti olarak manevi duygular\u0131n doruk noktas\u0131na \u00e7\u0131kt\u0131\u011f\u0131; sevginin, muhabbetin, yard\u0131mla\u015fman\u0131n, dayan\u0131\u015fman\u0131n daha bir anlam kazand\u0131\u011f\u0131 Ramazan ay\u0131n\u0131 en g\u00fczel \u015fekilde idrak etmenin \u00e7abas\u0131nday\u0131z. Genel merkez birimlerimiz, milletvekillerimiz, kad\u0131n kollar\u0131m\u0131z, gen\u00e7lik kollar\u0131m\u0131z ve yerel y\u00f6netimlerimizle tam kadro sahaday\u0131z.<\/p>\n<p>Yurt i\u00e7indeki vatanda\u015flar\u0131m\u0131zla iftar\u0131n ve sahurun bereketini payla\u015f\u0131rken yurt d\u0131\u015f\u0131nda ya\u015fayan karde\u015flerimizi ve soyda\u015flar\u0131m\u0131z\u0131 da ihmal etmiyoruz. Halep&#8217;ten Saraybosna&#8217;ya, Varna&#8217;dan Prizren&#8217;e kadar kalbimizin birlikte att\u0131\u011f\u0131 karde\u015flerimizin oldu\u011fu her yerde Ramazan co\u015fkusunu birlikte payla\u015f\u0131yoruz.<\/p>\n<p>G\u00f6r\u00fcyorum ki Ankara te\u015fkilat\u0131m\u0131z da b\u00fcy\u00fck bir samimiyetle \u015fehrimizin her semtine, her mahallesine ve her hanesine ula\u015fmaya gayret ediyor. &#8216;G\u00f6n\u00fclden G\u00f6n\u00fcle&#8217; projesiyle ge\u00e7en Ramazan&#8217;da 150 bin haneye ve 500 bin vatanda\u015f\u0131m\u0131za ula\u015fan te\u015fkilat\u0131m\u0131z\u0131n hizmetleri takdire \u015fayand\u0131r.<\/p>\n<p>AYRINTILAR GEL\u0130YOR&#8230;<\/p>\n<div> <span><strong>Kaynak:<\/strong> Ensonhaber Haber Merkezi<\/span> <\/div>\n","protected":false},"excerpt":{"rendered":"<p>AK Parti Kongre Merkezi&#8217;nde\u00a0MKYK \u00dcyeleri, Parti Kurullar\u0131, Ankara \u0130l Te\u015fkilat\u0131 ve \u0130l\u00e7e Ba\u015fkanlar\u0131&#8217;n\u0131n kat\u0131l\u0131m\u0131 ile iftar program\u0131 d\u00fczenleniyor. Programa kat\u0131lan Cumhurba\u015fkan\u0131 Recep Tayyip Erdo\u011fan, burada a\u00e7\u0131klamalarda bulunuyor.\u00a0 \u0130\u015fte Cumhurba\u015fkan\u0131 &#8230;<\/p>\n","protected":false},"author":1,"featured_media":79949,"comment_status":"open","ping_status":"open","sticky":false,"template":"","format":"standard","meta":{"footnotes":""},"categories":[9,13],"tags":[],"class_list":["post-79948","post","type-post","status-publish","format-standard","has-post-thumbnail","hentry","category-genel","category-son-dakika"],"_links":{"self":[{"href":"https:\/\/bihavadis.com\/index.php\/wp-json\/wp\/v2\/posts\/79948","targetHints":{"allow":["GET"]}}],"collection":[{"href":"https:\/\/bihavadis.com\/index.php\/wp-json\/wp\/v2\/posts"}],"about":[{"href":"https:\/\/bihavadis.com\/index.php\/wp-json\/wp\/v2\/types\/post"}],"author":[{"embeddable":true,"href":"https:\/\/bihavadis.com\/index.php\/wp-json\/wp\/v2\/users\/1"}],"replies":[{"embeddable":true,"href":"https:\/\/bihavadis.com\/index.php\/wp-json\/wp\/v2\/comments?post=79948"}],"version-history":[{"count":1,"href":"https:\/\/bihavadis.com\/index.php\/wp-json\/wp\/v2\/posts\/79948\/revisions"}],"predecessor-version":[{"id":79950,"href":"https:\/\/bihavadis.com\/index.php\/wp-json\/wp\/v2\/posts\/79948\/revisions\/79950"}],"wp:featuredmedia":[{"embeddable":true,"href":"https:\/\/bihavadis.com\/index.php\/wp-json\/wp\/v2\/media\/79949"}],"wp:attachment":[{"href":"https:\/\/bihavadis.com\/index.php\/wp-json\/wp\/v2\/media?parent=79948"}],"wp:term":[{"taxonomy":"category","embeddable":true,"href":"https:\/\/bihavadis.com\/index.php\/wp-json\/wp\/v2\/categories?post=79948"},{"taxonomy":"post_tag","embeddable":true,"href":"https:\/\/bihavadis.com\/index.php\/wp-json\/wp\/v2\/tags?post=79948"}],"curies":[{"name":"wp","href":"https:\/\/api.w.org\/{rel}","templated":true}]}}