{"id":80027,"date":"2026-05-03T00:06:10","date_gmt":"2026-05-03T00:06:10","guid":{"rendered":"https:\/\/bihavadis.com\/?p=80027"},"modified":"2026-05-03T00:06:10","modified_gmt":"2026-05-03T00:06:10","slug":"baskan-topaloglu-personelle-bayramlasti","status":"publish","type":"post","link":"https:\/\/bihavadis.com\/index.php\/2026\/05\/03\/baskan-topaloglu-personelle-bayramlasti\/","title":{"rendered":"Ba\u015fkan Topalo\u011flu personelle bayramla\u015ft\u0131"},"content":{"rendered":"<p>Kemer Belediye Ba\u015fkan\u0131 Necati Topalo\u011flu, Ramazan Bayram\u0131 \u00f6ncesi belediye personeli ile bayramla\u015ft\u0131.<\/p>\n<p>Kemer Belediyesi ana hizmet binas\u0131 ve Arslanbucak Mahallesi&#8217;nde bulunan Kemer Belediyesi Hizmet Alan\u0131\u2019nda belediye personeli ile bir araya gelen Ba\u015fkan Topalo\u011flu\u2019na, Belediye Ba\u015fkan Yard\u0131mc\u0131lar\u0131 Emin G\u00fcl, Semih Top, Mehmet Derya Baytekin, Furkan \u00dcst\u00fcnda\u011f, Kemer Belediyesi Meclis \u00dcyeleri Mustafa Bilici, Sema \u00d6zdemir ve Ali Akar, Kemer Belediyesi Mahalle Sorumlular\u0131 Ayhan Y\u0131ld\u0131r\u0131m, U\u011fur Keskin, Halit Canevi ve birim m\u00fcd\u00fcrleri e\u015flik etti.<\/p>\n<p>Bayramla\u015fma program\u0131nda konu\u015fan Ba\u015fkan Topalo\u011flu, bayramlar\u0131n sevgi, bar\u0131\u015f, karde\u015flik ve yard\u0131mla\u015fman\u0131n artt\u0131\u011f\u0131 g\u00fcnler oldu\u011funu belirterek, \u201cKemer Belediyesi olarak beraberce \u00e7al\u0131\u015f\u0131yoruz. \u00d6zl\u00fck haklar\u0131n\u0131z\u0131 g\u00fcn\u00fc g\u00fcn\u00fcne vermeye \u00e7al\u0131\u015f\u0131yoruz. Ramazan Bayram\u0131 \u00f6ncesinde maa\u015flar\u0131n\u0131z\u0131n bir k\u0131sm\u0131 hesaplar\u0131n\u0131za yatt\u0131. Ald\u0131\u011f\u0131n\u0131z maa\u015f\u0131 ailenizle g\u00fcle g\u00fcle harcay\u0131n. Kemer Belediyesi olarak verdi\u011fimiz m\u00fccadele sadece bizim de\u011fil hepimizin m\u00fccadelesi. Samimi bir ortamda \u00e7al\u0131\u015f\u0131rsak ba\u015far\u0131ya ula\u015f\u0131r\u0131z. Ben hepinizin Ramazan Bayram\u0131\u2019n\u0131 kutluyorum ve \u00e7ocuklar\u0131n\u0131z\u0131n g\u00f6zlerinden \u00f6p\u00fcyorum.\u201d dedi.<\/p>\n<p>Kemer Belediyesi Meclis \u00dcyesi Ali Akar ise bayramlar\u0131n birlik ve beraberli\u011fi peki\u015ftirdi\u011fini belirterek, t\u00fcm belediye personelinin Ramazan Bayram\u0131\u2019n\u0131 kutlad\u0131.<\/p>\n<p>Kemer Belediyesi Meclis \u00dcyesi Mustafa Bilici de \u201c\u00d6nemli olan millettir gerisi teferruatt\u0131r. Milletimize hizmet i\u00e7in buraday\u0131z t\u00fcm belediye personelinin bayram\u0131n\u0131 kutluyorum\u201d<\/p>\n<p>Kemer Belediyesi Meclis \u00dcyesi Sema \u00d6zdemir ise t\u00fcm personelin Ramazan bayram\u0131n\u0131 kutlayarak iyi bayramlar dileklerinde bulundu.\u00a0<\/p>\n<p>Program sonunda belediye personeli de Ba\u015fkan Topalo\u011flu\u2019na te\u015fekk\u00fcr ederek, bayram\u0131n\u0131 kutlad\u0131.<\/p>\n<p>\u00a0<\/p>\n<p>\u00a0<\/p>\n<p>Kaynak: (BYZHA) Beyaz Haber Ajans\u0131<\/p>\n","protected":false},"excerpt":{"rendered":"<p>Kemer Belediye Ba\u015fkan\u0131 Necati Topalo\u011flu, Ramazan Bayram\u0131 \u00f6ncesi belediye personeli ile bayramla\u015ft\u0131.<\/p>\n","protected":false},"author":1,"featured_media":80028,"comment_status":"open","ping_status":"open","sticky":false,"template":"","format":"standard","meta":{"footnotes":""},"categories":[4],"tags":[516,8376,8234],"class_list":["post-80027","post","type-post","status-publish","format-standard","has-post-thumbnail","hentry","category-gundem","tag-baskan","tag-belediye-personeli","tag-ramazan-bayrami"],"_links":{"self":[{"href":"https:\/\/bihavadis.com\/index.php\/wp-json\/wp\/v2\/posts\/80027","targetHints":{"allow":["GET"]}}],"collection":[{"href":"https:\/\/bihavadis.com\/index.php\/wp-json\/wp\/v2\/posts"}],"about":[{"href":"https:\/\/bihavadis.com\/index.php\/wp-json\/wp\/v2\/types\/post"}],"author":[{"embeddable":true,"href":"https:\/\/bihavadis.com\/index.php\/wp-json\/wp\/v2\/users\/1"}],"replies":[{"embeddable":true,"href":"https:\/\/bihavadis.com\/index.php\/wp-json\/wp\/v2\/comments?post=80027"}],"version-history":[{"count":1,"href":"https:\/\/bihavadis.com\/index.php\/wp-json\/wp\/v2\/posts\/80027\/revisions"}],"predecessor-version":[{"id":80029,"href":"https:\/\/bihavadis.com\/index.php\/wp-json\/wp\/v2\/posts\/80027\/revisions\/80029"}],"wp:featuredmedia":[{"embeddable":true,"href":"https:\/\/bihavadis.com\/index.php\/wp-json\/wp\/v2\/media\/80028"}],"wp:attachment":[{"href":"https:\/\/bihavadis.com\/index.php\/wp-json\/wp\/v2\/media?parent=80027"}],"wp:term":[{"taxonomy":"category","embeddable":true,"href":"https:\/\/bihavadis.com\/index.php\/wp-json\/wp\/v2\/categories?post=80027"},{"taxonomy":"post_tag","embeddable":true,"href":"https:\/\/bihavadis.com\/index.php\/wp-json\/wp\/v2\/tags?post=80027"}],"curies":[{"name":"wp","href":"https:\/\/api.w.org\/{rel}","templated":true}]}}