{"id":80096,"date":"2026-05-03T00:57:07","date_gmt":"2026-05-03T00:57:07","guid":{"rendered":"https:\/\/bihavadis.com\/?p=80096"},"modified":"2026-05-03T00:57:07","modified_gmt":"2026-05-03T00:57:07","slug":"ilginc-tesaduf-epstein-kasikci-cinayetinden-iki-gun-once-veliaht-prensle-gorusmus","status":"publish","type":"post","link":"https:\/\/bihavadis.com\/index.php\/2026\/05\/03\/ilginc-tesaduf-epstein-kasikci-cinayetinden-iki-gun-once-veliaht-prensle-gorusmus\/","title":{"rendered":"\u0130lgin\u00e7 tesad\u00fcf: Epstein, Ka\u015f\u0131k\u00e7\u0131 cinayetinden iki g\u00fcn \u00f6nce veliaht prensle g\u00f6r\u00fc\u015fm\u00fc\u015f"},"content":{"rendered":"<p><b><\/p>\n<p>Jeffrey Epstein davas\u0131na ili\u015fkin s\u0131zan yeni bilgiler, d\u00fcnya siyasi tarihinin en karanl\u0131k cinayetlerinden biri olan Cemal Ka\u015f\u0131k\u00e7\u0131 olay\u0131yla ilgili \u00e7arp\u0131c\u0131 bir zamanlamay\u0131 ortaya koydu. \u0130ddialara g\u00f6re Epstein, kimli\u011fi bilinmeyen bir ki\u015fiye g\u00f6nderdi\u011fi mesajda, 30 Eyl\u00fcl 2018 tarihinde Suudi Arabistan Veliaht Prensi Muhammed bin Selman ile g\u00f6r\u00fc\u015ft\u00fc\u011f\u00fcn\u00fc s\u00f6yledi.<\/p>\n<p><\/b><\/p>\n<p><b>C\u0130NAYET\u0130N HEMEN \u00d6NCES\u0130NDE G\u0130ZEML\u0130 G\u00d6R\u00dc\u015eME<\/b><\/p>\n<p>Bu g\u00f6r\u00fc\u015fmenin yap\u0131ld\u0131\u011f\u0131 iddia edilen tarih, Suudi gazeteci Cemal Ka\u015f\u0131k\u00e7\u0131&#8217;n\u0131n 2 Ekim 2018&#8217;de \u0130stanbul&#8217;daki Suudi Arabistan Ba\u015fkonsoloslu\u011fu&#8217;nda katledilmesinden sadece iki g\u00fcn \u00f6ncesine denk geliyor. <\/p>\n<p>Epstein&#8217;\u0131n, cinayetten hemen \u00f6nce Veliaht Prens ile ne konu\u015ftu\u011fu veya bu g\u00f6r\u00fc\u015fmenin i\u00e7eri\u011fi gizemini korurken, bu &#8220;kanl\u0131 tesad\u00fcf&#8221; Epstein&#8217;\u0131n k\u00fcresel g\u00fc\u00e7 a\u011f\u0131n\u0131n ne kadar derinlere uzand\u0131\u011f\u0131n\u0131 bir kez daha g\u00f6zler \u00f6n\u00fcne serdi.<\/p>\n<p><b>Y\u00dcKSEK SOSYETE VE KARANLIK \u0130L\u0130\u015eK\u0130LER <\/b><\/p>\n<p>ABD Adalet Bakanl\u0131\u011f\u0131&#8217;n\u0131n yay\u0131mlad\u0131\u011f\u0131 yeni belgelerde Epstein ile Suudi Veliaht Prensi Muhammed bin Salman&#8217;\u0131n ayn\u0131 foto\u011frafta yer ald\u0131\u011f\u0131na ili\u015fkin g\u00f6r\u00fcnt\u00fcler bulunuyor. Bu kare, daha \u00f6nce The New York Times taraf\u0131ndan yay\u0131nlanan foto\u011fraflar aras\u0131nda yer ald\u0131.<\/p>\n<div>\n<figure><img decoding=\"async\" src=\"https:\/\/bihavadis.com\/wp-content\/uploads\/2026\/05\/ilginc-tesaduf-epstein-kasikci-cinayetinden-iki-gun-once-veliaht-prensle-gorusmus-0-H8j2wlXP.jpg\"\/><\/figure>\n<\/div>\n<p>Dosyalarda Bin Selman&#8217;\u0131n ad\u0131 bazen a\u00e7\u0131k \u015fekilde, bazen de &#8220;MBS&#8221; k\u0131saltmas\u0131yla ge\u00e7iyor.<\/p>\n<p>Belgeler, Epstein&#8217;\u0131n hapis yatt\u0131ktan sonra bile &#8220;y\u00fcksek sosyete&#8221; ve d\u00fcnya liderleriyle olan ba\u011flar\u0131n\u0131 h\u0131zla onard\u0131\u011f\u0131n\u0131 g\u00f6steriyor. <\/p>\n<p>Belgelere g\u00f6re Epstein&#8217;in Suudi Arabistan ve K\u00f6rfez \u00fclkeleriyle ili\u015fkileri olduk\u00e7a yo\u011fundu. \u00d6rne\u011fin 2016&#8217;da Suudi Arabistan&#8217;\u0131 ziyaret etti\u011fi ve mutad olarak y\u00fcksek d\u00fczeyli ki\u015filerle yaz\u0131\u015fmalar i\u00e7inde oldu\u011fu \u00f6ne s\u00fcr\u00fcl\u00fcyordu.<\/p>\n","protected":false},"excerpt":{"rendered":"<p>Jeffrey Epstein davas\u0131na ait yeni bilgiler, Suudi gazeteci Cemal Ka\u015f\u0131k\u00e7\u0131 cinayeti ile ilgili \u00e7arp\u0131c\u0131 bir zamanlamay\u0131 g\u00fcndeme getirdi. \u0130ddialara g\u00f6re Epstein, 30 Eyl\u00fcl 2018&#8217;de Suudi Arabistan Veliaht Prensi Muhammed bin Selman ile g\u00f6r\u00fc\u015ft\u00fc. Bu tarih Ka\u015f\u0131k\u00e7\u0131&#8217;n\u0131n 2 Ekim 2018&#8217;de \u0130stanbul&#8217;daki Suudi Arabistan Ba\u015fkonsoloslu\u011fu&#8217;nda \u00f6ld\u00fcr\u00fclmesinden sadece iki g\u00fcn \u00f6nce<\/p>\n","protected":false},"author":1,"featured_media":80097,"comment_status":"open","ping_status":"open","sticky":false,"template":"","format":"standard","meta":{"footnotes":""},"categories":[12],"tags":[2183,4276],"class_list":["post-80096","post","type-post","status-publish","format-standard","has-post-thumbnail","hentry","category-siyaset","tag-epstein","tag-suudi"],"_links":{"self":[{"href":"https:\/\/bihavadis.com\/index.php\/wp-json\/wp\/v2\/posts\/80096","targetHints":{"allow":["GET"]}}],"collection":[{"href":"https:\/\/bihavadis.com\/index.php\/wp-json\/wp\/v2\/posts"}],"about":[{"href":"https:\/\/bihavadis.com\/index.php\/wp-json\/wp\/v2\/types\/post"}],"author":[{"embeddable":true,"href":"https:\/\/bihavadis.com\/index.php\/wp-json\/wp\/v2\/users\/1"}],"replies":[{"embeddable":true,"href":"https:\/\/bihavadis.com\/index.php\/wp-json\/wp\/v2\/comments?post=80096"}],"version-history":[{"count":1,"href":"https:\/\/bihavadis.com\/index.php\/wp-json\/wp\/v2\/posts\/80096\/revisions"}],"predecessor-version":[{"id":80099,"href":"https:\/\/bihavadis.com\/index.php\/wp-json\/wp\/v2\/posts\/80096\/revisions\/80099"}],"wp:featuredmedia":[{"embeddable":true,"href":"https:\/\/bihavadis.com\/index.php\/wp-json\/wp\/v2\/media\/80097"}],"wp:attachment":[{"href":"https:\/\/bihavadis.com\/index.php\/wp-json\/wp\/v2\/media?parent=80096"}],"wp:term":[{"taxonomy":"category","embeddable":true,"href":"https:\/\/bihavadis.com\/index.php\/wp-json\/wp\/v2\/categories?post=80096"},{"taxonomy":"post_tag","embeddable":true,"href":"https:\/\/bihavadis.com\/index.php\/wp-json\/wp\/v2\/tags?post=80096"}],"curies":[{"name":"wp","href":"https:\/\/api.w.org\/{rel}","templated":true}]}}