{"id":8015,"date":"2026-01-31T12:39:07","date_gmt":"2026-01-31T12:39:07","guid":{"rendered":"https:\/\/bihavadis.com\/?p=8015"},"modified":"2026-01-31T12:39:07","modified_gmt":"2026-01-31T12:39:07","slug":"fenerbahcenin-uefa-avrupa-liginde-muhtemel-rakipleri-belli-oldu","status":"publish","type":"post","link":"https:\/\/bihavadis.com\/index.php\/2026\/01\/31\/fenerbahcenin-uefa-avrupa-liginde-muhtemel-rakipleri-belli-oldu\/","title":{"rendered":"Fenerbah\u00e7e&#8217;nin UEFA Avrupa Ligi&#8217;nde muhtemel rakipleri belli oldu"},"content":{"rendered":"<p>UEFA Avrupa Ligi&#8217;nde Romanya tak\u0131m\u0131 FCSB ile 1-1 berabere kalan Fenerbah\u00e7e, yoluna son 16 play-off turunda devam edecek.<\/p>\n<p>UEFA Avrupa Ligi&#8217;nde 8. hafta ma\u00e7lar\u0131n\u0131n oynanmas\u0131n\u0131n ard\u0131ndan lig a\u015famas\u0131 sona erdi ve g\u00f6zler play-off turu kura \u00e7ekimine \u00e7evrildi.<\/p>\n<p><strong>KURA \u00c7EK\u0130M\u0130 HEYECANI<\/strong><\/p>\n<p>Fenerbah\u00e7e&#8217;nin de dahil oldu\u011fu UEFA Avrupa Ligi play-off turu kura \u00e7ekimi 30 Ocak Cuma g\u00fcn\u00fc TS\u0130 15.00&#8217;te UEFA&#8217;n\u0131n Nyon&#8217;daki merkezinde ger\u00e7ekle\u015ftirilecek.<\/p>\n<p>Kura \u00e7ekiminde lig a\u015famas\u0131n\u0131 9 ila 24. s\u0131rada bitiren tak\u0131mlar yer alacak. \u0130lk 8&#8217;e giren tak\u0131mlar ise direkt olarak son 16 turunda m\u00fccadele edecek.<\/p>\n<p><strong>KURANIN PROSED\u00dcR\u00dc<\/strong><\/p>\n<p>Kul\u00fcpler, lig a\u015famas\u0131n\u0131n sonunda ald\u0131klar\u0131 s\u0131ralamalara g\u00f6re e\u015fle\u015ftirilerek d\u00f6rt seri ba\u015f\u0131 \u00e7ift (9 ve 10, 11 ve 12, 13 ve 14, 15 ve 16. s\u0131ralarda yer alan kul\u00fcpler) ve d\u00f6rt seri ba\u015f\u0131 olmayan \u00e7ift (17 ve 18, 19 ve 20, 21 ve 22, 23 ve 24. s\u0131ralarda yer alan kul\u00fcpler) olacak.<\/p>\n<p>Her seri ba\u015f\u0131 \u00e7iftteki kul\u00fcpler, seri ba\u015f\u0131 olmayan \u00e7iftlerdeki kul\u00fcplerle e\u015fle\u015fecek \u015fekilde eleme a\u015famas\u0131 tablosuna \u00e7ekilecek: 9 veya 10. s\u0131radaki kul\u00fcpler 23 veya 24. s\u0131radaki kul\u00fcplerle, 11 veya 12. s\u0131radaki kul\u00fcpler 21 veya 22. s\u0131radaki kul\u00fcplerle, 13 veya 14. s\u0131radaki kul\u00fcpler 19 veya 20. s\u0131radaki kul\u00fcplerle ve 15 veya 16. s\u0131radaki kul\u00fcpler 17 veya 18. s\u0131radaki kul\u00fcplerle e\u015fle\u015fecek.<\/p>\n<p><img decoding=\"async\" src=\"https:\/\/bihavadis.com\/wp-content\/uploads\/2026\/01\/fenerbahcenin-uefa-avrupa-liginde-muhtemel-rakipleri-belli-oldu-0-gxwTf1R4.jpg\"\/><\/p>\n<p><strong>MUHTEMEL RAK\u0130PLER<\/strong><\/p>\n<p>Sar\u0131-lacivertli ekip play-off turunda \u0130ngiltere Premier Lig&#8217;den Nottingham Forest ya da \u00c7ekya temsilcisi Viktoria Plzen ile kar\u015f\u0131la\u015facak.<\/p>\n<p>Fenerbah\u00e7e bu turu ge\u00e7ip ad\u0131n\u0131 son 16&#8217;ya yazd\u0131r\u0131rsa, Danimarka&#8217;dan Midtjylland ya da \u0130spanya temsilcisi Real Betis ile kozlar\u0131n\u0131 payla\u015facak.<\/p>\n<p><img decoding=\"async\" src=\"https:\/\/bihavadis.com\/wp-content\/uploads\/2026\/01\/fenerbahcenin-uefa-avrupa-liginde-muhtemel-rakipleri-belli-oldu-1-tPy1lxK7.jpg\"\/><\/p>\n<p><strong>MA\u00c7 TAR\u0130HLER\u0130<\/strong><\/p>\n<p>Play-Off turunda ilk ma\u00e7lar 19 \u015eubat 2026&#8217;da, r\u00f6van\u015f ma\u00e7lar\u0131 ise 26 \u015eubat 2026&#8217;da oynanacak.<\/p>\n<p>Fenerbah\u00e7e ilk ma\u00e7\u0131n\u0131 sahas\u0131nda oynayacak.<\/p>\n<p><strong>UEFA AVRUPA L\u0130G\u0130&#8217;NDE PUAN DURUMU<\/strong><\/p>\n<p><img decoding=\"async\" src=\"https:\/\/bihavadis.com\/wp-content\/uploads\/2026\/01\/fenerbahcenin-uefa-avrupa-liginde-muhtemel-rakipleri-belli-oldu-2-b9bsjv7X.jpg\"\/><\/p>\n<p><img decoding=\"async\" src=\"https:\/\/bihavadis.com\/wp-content\/uploads\/2026\/01\/fenerbahcenin-uefa-avrupa-liginde-muhtemel-rakipleri-belli-oldu-3-liybVcLU.jpg\"\/><\/p>\n<p><img decoding=\"async\" src=\"https:\/\/bihavadis.com\/wp-content\/uploads\/2026\/01\/fenerbahcenin-uefa-avrupa-liginde-muhtemel-rakipleri-belli-oldu-4-lDKM92rH.jpg\"\/><\/p>\n","protected":false},"excerpt":{"rendered":"<p>Fenerbah\u00e7e&#8217;nin Avrupa Ligi son 16 play-off turundaki muhtemel rakipleri Nottingham Forest ve Viktoria Plzen oldu.<\/p>\n","protected":false},"author":1,"featured_media":8016,"comment_status":"open","ping_status":"open","sticky":false,"template":"","format":"standard","meta":{"footnotes":""},"categories":[14],"tags":[1879,1880,597,364,1881],"class_list":["post-8015","post","type-post","status-publish","format-standard","has-post-thumbnail","hentry","category-spor","tag-kulupler","tag-kura","tag-lig","tag-mac","tag-uefa"],"_links":{"self":[{"href":"https:\/\/bihavadis.com\/index.php\/wp-json\/wp\/v2\/posts\/8015","targetHints":{"allow":["GET"]}}],"collection":[{"href":"https:\/\/bihavadis.com\/index.php\/wp-json\/wp\/v2\/posts"}],"about":[{"href":"https:\/\/bihavadis.com\/index.php\/wp-json\/wp\/v2\/types\/post"}],"author":[{"embeddable":true,"href":"https:\/\/bihavadis.com\/index.php\/wp-json\/wp\/v2\/users\/1"}],"replies":[{"embeddable":true,"href":"https:\/\/bihavadis.com\/index.php\/wp-json\/wp\/v2\/comments?post=8015"}],"version-history":[{"count":1,"href":"https:\/\/bihavadis.com\/index.php\/wp-json\/wp\/v2\/posts\/8015\/revisions"}],"predecessor-version":[{"id":8022,"href":"https:\/\/bihavadis.com\/index.php\/wp-json\/wp\/v2\/posts\/8015\/revisions\/8022"}],"wp:featuredmedia":[{"embeddable":true,"href":"https:\/\/bihavadis.com\/index.php\/wp-json\/wp\/v2\/media\/8016"}],"wp:attachment":[{"href":"https:\/\/bihavadis.com\/index.php\/wp-json\/wp\/v2\/media?parent=8015"}],"wp:term":[{"taxonomy":"category","embeddable":true,"href":"https:\/\/bihavadis.com\/index.php\/wp-json\/wp\/v2\/categories?post=8015"},{"taxonomy":"post_tag","embeddable":true,"href":"https:\/\/bihavadis.com\/index.php\/wp-json\/wp\/v2\/tags?post=8015"}],"curies":[{"name":"wp","href":"https:\/\/api.w.org\/{rel}","templated":true}]}}