{"id":80208,"date":"2026-05-03T02:33:05","date_gmt":"2026-05-03T02:33:05","guid":{"rendered":"https:\/\/bihavadis.com\/?p=80208"},"modified":"2026-05-03T02:33:05","modified_gmt":"2026-05-03T02:33:05","slug":"abd-disisleri-bakani-sonraki-asama-iran-icin-daha-zorlu-olacak","status":"publish","type":"post","link":"https:\/\/bihavadis.com\/index.php\/2026\/05\/03\/abd-disisleri-bakani-sonraki-asama-iran-icin-daha-zorlu-olacak\/","title":{"rendered":"ABD D\u0131\u015fi\u015fleri Bakan\u0131: Sonraki a\u015fama \u0130ran i\u00e7in daha zorlu olacak"},"content":{"rendered":"<p>Kongre&#8217;de kat\u0131ld\u0131\u011f\u0131 toplant\u0131n\u0131n ard\u0131ndan \u0130ran g\u00fcndemini de\u011ferlendiren ABD D\u0131\u015fi\u015fleri Bakan\u0131 Marco Rubio, ABD ile \u0130srail&#8217;in \u0130ran&#8217;a y\u00f6nelik sald\u0131r\u0131lar\u0131n\u0131 savundu.<\/p>\n<p>Rubio, \u0130ran&#8217;\u0131n hem ABD hem de \u0130srail i\u00e7in &#8216;acil ve yak\u0131n bir tehdit&#8217; oldu\u011funu iddia ederek, <b><em>&#8220;Bu bizim i\u00e7in yak\u0131n bir tehditti. \u0130ran&#8217;\u0131n sald\u0131r\u0131ya u\u011frad\u0131\u011f\u0131 takdirde hemen bizim pe\u015fimize d\u00fc\u015fece\u011fini biliyorduk&#8221;<\/em><\/b> diye konu\u015ftu.<\/p>\n<p>Askeri sald\u0131r\u0131lar\u0131n devam edece\u011fi mesaj\u0131n\u0131 veren Rubio, <b><em>&#8220;Hen\u00fcz ABD ordusunun en sert vuru\u015fu yap\u0131lmad\u0131. Sonraki a\u015fama \u0130ran i\u00e7in \u015fu ankinden daha zorlu olacak. Peki bu ne kadar s\u00fcrecek? Ne kadar s\u00fcrece\u011fini bilmiyorum. Hedeflerimiz var. Bu hedeflere ula\u015fmay\u0131 istiyoruz&#8221;<\/em><\/b> ifadelerini kulland\u0131.<\/p>\n<p><strong>&#8220;B\u0130Z\u0130 TEHD\u0130T EDECEK F\u00dcZELERE SAH\u0130P OLAMAYACAKLAR&#8221;<\/strong><\/p>\n<p>Rubio, \u0130ran&#8217;a y\u00f6nelik sald\u0131r\u0131lar\u0131n\u0131n temel ama\u00e7lar\u0131ndan birinin Tahran&#8217;\u0131n balistik f\u00fcze kapasitesini yok etmek oldu\u011funa dikkati \u00e7ekerek,  de\u011ferlendirmesini yapt\u0131.<\/p>\n<p>\u0130ran&#8217;\u0131n her ay yakla\u015f\u0131k 100 f\u00fcze \u00fcretti\u011fini iddia ederek buna kar\u015f\u0131l\u0131k ayda yaln\u0131zca 6-7 hava savunma f\u00fczesi \u00fcretilebildi\u011fini vurgulayan ve \u0130ran&#8217;\u0131n f\u00fcze \u00fcretim sistemlerine i\u015faret eden Rubio, \u0130ran&#8217;da rejim de\u011fi\u015fikli\u011fi konusunda ne d\u00fc\u015f\u00fcnd\u00fc\u011f\u00fc ile ilgili bir soruya, <b><em>&#8220;Her ne kadar orada yeni bir rejim g\u00f6rmek istesek de as\u0131l nokta \u015fu, bundan bir y\u0131l sonra \u00fclkeyi kim y\u00f6netirse y\u00f6netsin, bizi tehdit edecek bu balistik f\u00fczelere sahip olmayacaklar&#8221;<\/em><\/b> yan\u0131t\u0131n\u0131 verdi.<\/p>\n<p>\u0130srail&#8217;in \u0130ran&#8217;da bir okulu hedef almas\u0131na y\u00f6nelik bir soruyu yan\u0131tlayan Rubio, kendilerinin kas\u0131tl\u0131 olarak sivilleri hedef almad\u0131klar\u0131n\u0131 ancak \u0130ran&#8217;\u0131n sivilleri hedef ald\u0131\u011f\u0131n\u0131 savundu.<\/p>\n<div> <span><strong>Kaynak:<\/strong> Ensonhaber Haber Merkezi<\/span> <\/div>\n","protected":false},"excerpt":{"rendered":"<p>Kongre&#8217;de kat\u0131ld\u0131\u011f\u0131 toplant\u0131n\u0131n ard\u0131ndan \u0130ran g\u00fcndemini de\u011ferlendiren ABD D\u0131\u015fi\u015fleri Bakan\u0131 Marco Rubio, ABD ile \u0130srail&#8217;in \u0130ran&#8217;a y\u00f6nelik sald\u0131r\u0131lar\u0131n\u0131 savundu. Rubio, \u0130ran&#8217;\u0131n hem ABD hem de \u0130srail i\u00e7in &#8216;acil ve yak\u0131n bir tehdit&#8217; oldu\u011funu iddia ederek &#8230;<\/p>\n","protected":false},"author":1,"featured_media":80209,"comment_status":"open","ping_status":"open","sticky":false,"template":"","format":"standard","meta":{"footnotes":""},"categories":[6],"tags":[2087,661,271,1425],"class_list":["post-80208","post","type-post","status-publish","format-standard","has-post-thumbnail","hentry","category-dunya","tag-fuze","tag-hedef","tag-iran","tag-rubio"],"_links":{"self":[{"href":"https:\/\/bihavadis.com\/index.php\/wp-json\/wp\/v2\/posts\/80208","targetHints":{"allow":["GET"]}}],"collection":[{"href":"https:\/\/bihavadis.com\/index.php\/wp-json\/wp\/v2\/posts"}],"about":[{"href":"https:\/\/bihavadis.com\/index.php\/wp-json\/wp\/v2\/types\/post"}],"author":[{"embeddable":true,"href":"https:\/\/bihavadis.com\/index.php\/wp-json\/wp\/v2\/users\/1"}],"replies":[{"embeddable":true,"href":"https:\/\/bihavadis.com\/index.php\/wp-json\/wp\/v2\/comments?post=80208"}],"version-history":[{"count":1,"href":"https:\/\/bihavadis.com\/index.php\/wp-json\/wp\/v2\/posts\/80208\/revisions"}],"predecessor-version":[{"id":80210,"href":"https:\/\/bihavadis.com\/index.php\/wp-json\/wp\/v2\/posts\/80208\/revisions\/80210"}],"wp:featuredmedia":[{"embeddable":true,"href":"https:\/\/bihavadis.com\/index.php\/wp-json\/wp\/v2\/media\/80209"}],"wp:attachment":[{"href":"https:\/\/bihavadis.com\/index.php\/wp-json\/wp\/v2\/media?parent=80208"}],"wp:term":[{"taxonomy":"category","embeddable":true,"href":"https:\/\/bihavadis.com\/index.php\/wp-json\/wp\/v2\/categories?post=80208"},{"taxonomy":"post_tag","embeddable":true,"href":"https:\/\/bihavadis.com\/index.php\/wp-json\/wp\/v2\/tags?post=80208"}],"curies":[{"name":"wp","href":"https:\/\/api.w.org\/{rel}","templated":true}]}}