{"id":80832,"date":"2026-05-03T11:00:14","date_gmt":"2026-05-03T11:00:14","guid":{"rendered":"https:\/\/bihavadis.com\/?p=80832"},"modified":"2026-05-03T11:00:14","modified_gmt":"2026-05-03T11:00:14","slug":"kayseride-kardesini-ve-esini-bogarak-oldurdu","status":"publish","type":"post","link":"https:\/\/bihavadis.com\/index.php\/2026\/05\/03\/kayseride-kardesini-ve-esini-bogarak-oldurdu\/","title":{"rendered":"Kayseri&#8217;de karde\u015fini ve e\u015fini bo\u011farak \u00f6ld\u00fcrd\u00fc"},"content":{"rendered":"<p>Kayseri Kocasinan il\u00e7esi Emmiler Mahallesi&#8217;nde ya\u015fayan, bo\u015fand\u0131ktan sonra yeniden bir araya gelen Mehmet Turhan ve Firdevs \u00d6zt\u00fcrk, 19 May\u0131s 2021 tarihinde kayboldu.<\/p>\n<p>\u00c7iftin \u00e7ocuklar\u0131n\u0131n kay\u0131p ihbar\u0131 \u00fczerine polis, \u00e7al\u0131\u015fma ba\u015flatt\u0131.<\/p>\n<p>Polis, kay\u0131p Mehmet Turhan&#8217;\u0131n karde\u015fi Yusuf Turhan&#8217;\u0131 \u00e7eli\u015fkili ifadeleri \u00fczerine takibe ald\u0131.<\/p>\n<p><strong>CESETLER\u0130 \u00c7IKARILDI<\/strong><\/p>\n<p>Yusuf Turhan&#8217;\u0131n evinin yan\u0131na yeni tand\u0131r yapt\u0131rd\u0131\u011f\u0131n\u0131 belirleyen polis, kadavra k\u00f6pe\u011fiyle burada arama yapt\u0131. Aramada, beton d\u00f6k\u00fclen tand\u0131rda \u00e7iftin cans\u0131z bedenleri bulundu. Tand\u0131r\u0131 k\u00fcrekle k\u0131ran ekipler, kaybolduktan 22 g\u00fcn sonra Mehmet Turhan ve Firdevs \u00d6zt\u00fcrk&#8217;\u00fcn \u00e7uvallarda bulunan cesetlerini \u00e7\u0131kard\u0131.<\/p>\n<p>Olay\u0131n ard\u0131ndan Yusuf Turhan ile e\u015fi N.T. ve o\u011flu Bedirhan Turhan g\u00f6zalt\u0131na al\u0131nd\u0131. \u015e\u00fcphelilerden Yusuf Turhan ile o\u011flu Bedirhan Turhan tutukland\u0131, N.T. ise adli kontrol \u015fart\u0131yla serbest b\u0131rak\u0131ld\u0131.<\/p>\n<p>22 Kas\u0131m 2021\u2019de Kayseri 5&#8217;inci A\u011f\u0131r Ceza Mahkemesi&#8217;nde g\u00f6r\u00fclen duru\u015fmada san\u0131klardan Yusuf Turhan, <em><b>&#8216;Karde\u015fi kasten \u00f6ld\u00fcrmek<\/b><\/em>&#8216; su\u00e7undan a\u011f\u0131rla\u015ft\u0131r\u0131lm\u0131\u015f m\u00fcebbet, yengesine kar\u015f\u0131 eyleminden dolay\u0131 da<b><em> &#8216;Kasten \u00f6ld\u00fcrme&#8217;<\/em><\/b> su\u00e7undan m\u00fcebbet hapis cezas\u0131na \u00e7arpt\u0131r\u0131ld\u0131. H<\/p>\n<p>eyet, Bedirhan Turhan&#8217;a ise 2 ki\u015fiyi \u00f6ld\u00fcrmekten 2 kez m\u00fcebbet hapis cezas\u0131 verdi. Tutuksuz san\u0131k N.T. ise delil yetersizli\u011finden beraat etti.<\/p>\n<p>Yerel mahkemenin bu karar\u0131, yap\u0131lan itirazlar sonras\u0131 geldi\u011fi Yarg\u0131tay 1&#8217;inci Ceza Dairesi taraf\u0131ndan da hukuka uygun bulunarak onand\u0131.<\/p>\n<p><strong>KIZ KARDE\u015e\u0130N\u0130 \u00d6LD\u00dcRMEKTEN DAVA A\u00c7ILDI<\/strong><\/p>\n<p>Kayseri Cumhuriyet Ba\u015fsavc\u0131l\u0131\u011f\u0131 taraf\u0131ndan y\u00fcr\u00fct\u00fclen soru\u015fturma kapsam\u0131nda, en son 1990 y\u0131l\u0131nda g\u00f6r\u00fclen ve bir daha kendisinden haber al\u0131namayan Havva Turhan&#8217;\u0131 \u00f6ld\u00fcrd\u00fc\u011f\u00fc gerek\u00e7esiyle a\u011fabey Yusuf Turhan hakk\u0131nda <em><b>&#8216;Yak\u0131n akrabay\u0131 kasten \u00f6ld\u00fcrme&#8217;<\/b><\/em> su\u00e7undan dava a\u00e7\u0131ld\u0131.<\/p>\n<p>A\u011f\u0131r Ceza Mahkemesi taraf\u0131ndan kabul edilen iddianamede Yusuf Turhan hakk\u0131nda a\u011f\u0131rla\u015ft\u0131r\u0131lm\u0131\u015f m\u00fcebbet hapis cezas\u0131 istendi.<\/p>\n<p><img decoding=\"async\" src=\"https:\/\/bihavadis.com\/wp-content\/uploads\/2026\/05\/kayseride-kardesini-ve-esini-bogarak-oldurdu-0-MeTGTn13.jpg\"\/><\/p>\n<p><strong>&#8220;\u00d6L\u00dcMLERDEN \u00d6L\u00dcM BE\u011eEN&#8221;<\/strong><\/p>\n<p>\u0130ddianamede Yusuf Turhan&#8217;\u0131n \u00f6ld\u00fcrd\u00fc\u011f\u00fc yengesi ile cesedini tand\u0131ra g\u00f6md\u00fc\u011f\u00fc a\u011fabeyi Mehmet Turhan&#8217;\u0131n yazd\u0131\u011f\u0131 mektuba da yer verildi. Mehmet Turhan&#8217;\u0131n karde\u015fi i\u00e7in 16 y\u0131l cezaevinde yatt\u0131\u011f\u0131n\u0131 s\u00f6yledi\u011fi mektupta, <em><b>&#8220;Karde\u015fim d\u0131\u015far\u0131da dursun, cezaevinde dayanamaz dedim. 16 y\u0131l ne arand\u0131m ne de biri beni sordu. Ceza de\u011fil mi? Bitti, \u00e7\u0131kt\u0131m ama en b\u00fcy\u00fck ihaneti sen yapt\u0131n. <\/b><\/em><\/p>\n<p><em><b>Beni evden \u00e7\u0131kard\u0131n. \u00c7olu\u011fumu, \u00e7ocu\u011fumu kap\u0131n\u0131n d\u0131\u015f\u0131na koymu\u015fsun. Kahpelik \u00fcst\u00fcne kahpelik yapm\u0131\u015fs\u0131n. \u015eimdi s\u0131ra bende. Aile i\u00e7i \u015fiddet ve \u00f6ld\u00fcrme zaman a\u015f\u0131m\u0131 30 y\u0131l oldu\u011funu savc\u0131l\u0131ktan \u00f6\u011frendim. <\/b><\/em><\/p>\n<p><em><b>Hemen \u015fikayet edece\u011fim. Ama \u00f6nce di\u011ferleri ile y\u00fczle\u015f. Sonra Havva&#8217;n\u0131n dosyas\u0131 a\u00e7\u0131lacak. Bunlar bittikten sonra e\u015fin N., ve sana s\u0131ra gelecek.<\/b><\/em><\/p>\n<p><em><b>\u00d6l\u00fcmlerden \u00f6l\u00fcm be\u011fendirece\u011fim. \u015eimdi, sen ve N. ile &#8216;B\u00fct\u00fcn mal\u0131m m\u00fclk\u00fcn senin olsun bizi affet&#8217; deseniz de o g\u00fcnler ge\u00e7ti. Sana bir f\u0131rsat daha veriyorum. Ya beni \u00f6ld\u00fcr ya da \u00f6ld\u00fcrt. 1 hafta zaman\u0131n var. <\/b><\/em><\/p>\n<p><em><b>Kahpelik yapt\u0131\u011f\u0131n adamlarla y\u00fczle\u015ftikten sonra Havva&#8217;n\u0131n dosyas\u0131 a\u00e7\u0131ls\u0131n seni \u00f6ld\u00fcrece\u011fim. Bunu, \u015ferefim ve namusum i\u00e7in herkese ibret olsun diye yapaca\u011f\u0131m&#8221;<\/b><\/em> ifadeleri yer ald\u0131.<\/p>\n<p><img decoding=\"async\" src=\"https:\/\/bihavadis.com\/wp-content\/uploads\/2026\/05\/kayseride-kardesini-ve-esini-bogarak-oldurdu-1-v1PIsf7B.jpg\"\/><\/p>\n<p><strong>&#8220;AD\u0130L YARGILAMA \u0130ST\u0130YORUM&#8221;<\/strong><\/p>\n<p>Kayseri 3\u2019\u00fcnc\u00fc A\u011f\u0131r Ceza Mahkemesi\u2019nde ge\u00e7en y\u0131l 24 Nisan\u2019da g\u00f6r\u00fclen davan\u0131n \u00fc\u00e7\u00fcnc\u00fc duru\u015fmas\u0131nda tutuklu san\u0131k Yusuf Turhan haz\u0131r bulundu. Davaya Aile ve Sosyal Hizmetler Bakanl\u0131\u011f\u0131 avukatlar\u0131 da m\u00fcdahil oldu.<\/p>\n<p>Duru\u015fma savc\u0131s\u0131, m\u00fctalaas\u0131n\u0131n haz\u0131r oldu\u011funu belirterek san\u0131\u011f\u0131n delil yetersizli\u011finden beraatini istedi.<\/p>\n<p>M\u00fctalaa sonras\u0131 savunma i\u00e7in s\u00f6z verilen san\u0131k Yusuf Turhan<em><b>, \u201cBen beraatimi de\u011fil, su\u00e7lu kimse onun ortaya \u00e7\u0131kmas\u0131n\u0131 istiyorum. Bunun b\u00f6yle bitmemesi laz\u0131m. Su\u00e7lular cezas\u0131n\u0131 \u00e7eksin. Adil yarg\u0131lama istiyorum\u201d <\/b><\/em>dedi.<\/p>\n<p><strong>BERAAT\u0130NE KARAR VER\u0130LD\u0130<\/strong><\/p>\n<p>Mahkeme heyeti, san\u0131k Yusuf Turhan\u2019\u0131n <em><b>\u2018yak\u0131n akrabay\u0131 kasten \u00f6ld\u00fcrme\u2019<\/b><\/em> su\u00e7lamas\u0131ndan delil yetersizli\u011finden beraatine karar verdi. Karar sonras\u0131 san\u0131k Turhan, <em><b>\u201cBu mahkeme b\u00f6yle bitmesin. Elini aya\u011f\u0131n\u0131 \u00f6peyim ba\u015fkan\u0131m<\/b><\/em>\u201d dedi.<\/p>\n<p><strong>\u0130ST\u0130NAF BA\u015eVURLARI ESASTAN REDDED\u0130LD\u0130<\/strong><\/p>\n<p>Dosyan\u0131n geldi\u011fi Kayseri B\u00f6lge Adliye Mahkemesi 1&#8217;inci Ceza Dairesi, yap\u0131lan inceleme sonras\u0131, davay\u0131 karara ba\u011flad\u0131. 1&#8217;inci Ceza Dairesi&#8217;nce yerel mahkemenin verdi\u011fi kararda, usule ve esasa ili\u015fkin herhangi bir hukuka ayk\u0131r\u0131l\u0131\u011f\u0131n bulunmad\u0131\u011f\u0131, delil ve i\u015flemlerde herhangi bir eksikli\u011fin olmad\u0131\u011f\u0131 ve ispat bak\u0131m\u0131ndan de\u011ferlendirmenin yerinde oldu\u011fu belirtilerek, yap\u0131lan ba\u015fvurular\u0131n esastan reddine karar verildi. Oy birli\u011fi ile al\u0131nan karar\u0131n Yarg\u0131tay temyiz yolunun a\u00e7\u0131k olmak \u00fczere verildi\u011fi de belirtildi.<\/p>\n<p><img decoding=\"async\" src=\"https:\/\/bihavadis.com\/wp-content\/uploads\/2026\/05\/kayseride-kardesini-ve-esini-bogarak-oldurdu-2-nRjLcfQf.jpg\"\/><\/p>\n<p><img decoding=\"async\" src=\"https:\/\/bihavadis.com\/wp-content\/uploads\/2026\/05\/kayseride-kardesini-ve-esini-bogarak-oldurdu-3-kbfh4HEL.jpg\"\/><\/p>\n<p><img decoding=\"async\" src=\"https:\/\/bihavadis.com\/wp-content\/uploads\/2026\/05\/kayseride-kardesini-ve-esini-bogarak-oldurdu-4-RcdJ4VyF.jpg\"\/> <\/p>\n<div> <span><strong>Kaynak:<\/strong> Demir\u00f6ren Haber Ajans\u0131 (DHA)<\/span> <\/div>\n","protected":false},"excerpt":{"rendered":"<p>Kayseri Kocasinan il\u00e7esi Emmiler Mahallesi&#8217;nde ya\u015fayan, bo\u015fand\u0131ktan sonra yeniden bir araya gelen Mehmet Turhan ve Firdevs \u00d6zt\u00fcrk, 19 May\u0131s 2021 tarihinde kayboldu. \u00c7iftin \u00e7ocuklar\u0131n\u0131n kay\u0131p ihbar\u0131 \u00fczerine polis, \u00e7al\u0131\u015fma ba\u015flatt\u0131. Polis, kay\u0131p Mehmet &#8230;<\/p>\n","protected":false},"author":1,"featured_media":80833,"comment_status":"open","ping_status":"open","sticky":false,"template":"","format":"standard","meta":{"footnotes":""},"categories":[4,13],"tags":[258,424,427,3354,8417],"class_list":["post-80832","post","type-post","status-publish","format-standard","has-post-thumbnail","hentry","category-gundem","category-son-dakika","tag-ceza","tag-karar","tag-mahkeme","tag-oldurme","tag-yusuf-turhan"],"_links":{"self":[{"href":"https:\/\/bihavadis.com\/index.php\/wp-json\/wp\/v2\/posts\/80832","targetHints":{"allow":["GET"]}}],"collection":[{"href":"https:\/\/bihavadis.com\/index.php\/wp-json\/wp\/v2\/posts"}],"about":[{"href":"https:\/\/bihavadis.com\/index.php\/wp-json\/wp\/v2\/types\/post"}],"author":[{"embeddable":true,"href":"https:\/\/bihavadis.com\/index.php\/wp-json\/wp\/v2\/users\/1"}],"replies":[{"embeddable":true,"href":"https:\/\/bihavadis.com\/index.php\/wp-json\/wp\/v2\/comments?post=80832"}],"version-history":[{"count":1,"href":"https:\/\/bihavadis.com\/index.php\/wp-json\/wp\/v2\/posts\/80832\/revisions"}],"predecessor-version":[{"id":80839,"href":"https:\/\/bihavadis.com\/index.php\/wp-json\/wp\/v2\/posts\/80832\/revisions\/80839"}],"wp:featuredmedia":[{"embeddable":true,"href":"https:\/\/bihavadis.com\/index.php\/wp-json\/wp\/v2\/media\/80833"}],"wp:attachment":[{"href":"https:\/\/bihavadis.com\/index.php\/wp-json\/wp\/v2\/media?parent=80832"}],"wp:term":[{"taxonomy":"category","embeddable":true,"href":"https:\/\/bihavadis.com\/index.php\/wp-json\/wp\/v2\/categories?post=80832"},{"taxonomy":"post_tag","embeddable":true,"href":"https:\/\/bihavadis.com\/index.php\/wp-json\/wp\/v2\/tags?post=80832"}],"curies":[{"name":"wp","href":"https:\/\/api.w.org\/{rel}","templated":true}]}}