{"id":8122,"date":"2026-01-31T14:24:05","date_gmt":"2026-01-31T14:24:05","guid":{"rendered":"https:\/\/bihavadis.com\/?p=8122"},"modified":"2026-01-31T14:24:05","modified_gmt":"2026-01-31T14:24:05","slug":"gumruk-birligi-guncelleniyor","status":"publish","type":"post","link":"https:\/\/bihavadis.com\/index.php\/2026\/01\/31\/gumruk-birligi-guncelleniyor\/","title":{"rendered":"G\u00fcmr\u00fck Birli\u011fi G\u00fcncelleniyor"},"content":{"rendered":"<p>Ticaret Bakan\u0131 \u00d6mer Bolat, G\u00fcmr\u00fck Birli\u011fi&#8217;nin g\u00fcncellenmesi noktas\u0131nda Avrupa Birli\u011fi (AB) Komisyonu ile Y\u00fcksek D\u00fczeyli Ticaret Diyalo\u011fu toplant\u0131lar\u0131n\u0131 ba\u015flatt\u0131klar\u0131n\u0131 belirterek, &#8220;G\u00fcmr\u00fck Birli\u011fi i\u00e7inde aram\u0131zda s\u0131k\u0131nt\u0131 olu\u015fturan 29 alt konudan 15 tanesini kar\u015f\u0131l\u0131kl\u0131 uzla\u015farak \u00e7\u00f6zd\u00fck. Geriye kalanlar i\u00e7in de diyaloglar\u0131m\u0131z, toplant\u0131lar\u0131m\u0131z devam ediyor.&#8221; dedi.<\/p>\n<p>Bolat, D\u00fcnya Gazetesi taraf\u0131ndan T\u00fcrkiye \u0130hracat\u00e7\u0131lar Meclisi (T\u0130M) D\u0131\u015f Ticaret Kompleksi&#8217;nde d\u00fczenlenen &#8220;D\u00f6n\u00fc\u015fen D\u00fcnyada \u0130hracat Zirvesi&#8221;nde yapt\u0131\u011f\u0131 konu\u015fmada, d\u00fcn gece Budape\u015fte&#8217;den geldiklerini kaydederek, T\u00fcrkiye-Macaristan Ekonomik ve Ticaret Ortak Komitesi (JETCO) 2. D\u00f6nem Toplant\u0131s\u0131&#8217;nda \u00f6nemli i\u015fbirliklerine imza att\u0131klar\u0131n\u0131 s\u00f6yledi.<\/p>\n<p>T\u00fcrkiye ekonomisinin son d\u00f6nemdeki krizlerden \u00f6zellikle geli\u015fmi\u015f \u00fclkelerden pozitif ayr\u0131\u015farak \u00e7\u0131kt\u0131\u011f\u0131n\u0131 dile getiren Bolat, son 23 y\u0131lda ekonomik alanda sa\u011flanan ilerlemeye ili\u015fkin rakamlar\u0131 payla\u015ft\u0131.<\/p>\n<p>Bolat, milli geliri 6 kat b\u00fcy\u00fcterek 1,5 trilyon dolar\u0131n \u00fczerine ta\u015f\u0131d\u0131klar\u0131n\u0131, ki\u015fi ba\u015f\u0131na d\u00fc\u015fen milli geliri 5 bin 500 dolardan 17 bin 880 dolara \u00e7\u0131kard\u0131klar\u0131n\u0131, d\u0131\u015f ticaret hacmini 820 milyar dolara ula\u015ft\u0131rd\u0131klar\u0131n\u0131 anlatt\u0131.<\/p>\n<p>Ge\u00e7en y\u0131l \u00f6nemli bir d\u00f6nemeci geride b\u0131rakt\u0131klar\u0131n\u0131, tarife ve ticaret sava\u015flar\u0131 ile kar\u015f\u0131 kar\u015f\u0131ya kald\u0131klar\u0131n\u0131 ifade eden Bolat, ge\u00e7en hafta D\u00fcnya Ekonomik Forumu&#8217;nun (WEF) Davos&#8217;ta d\u00fczenlenen 56. Y\u0131ll\u0131k Toplant\u0131lar\u0131&#8217;nda bat\u0131l\u0131 liderlerin hemen hepsinin 2. D\u00fcnya Sava\u015f\u0131&#8217;ndan sonra kurulan k\u00fcresel siyasi, ekonomik, parasal ve askeri sistemin \u00e7at\u0131rdad\u0131\u011f\u0131n\u0131 itiraf etti\u011fini s\u00f6yledi.<\/p>\n<p>&#8220;Bir yanda ABD di\u011fer yanda AB ile g\u00f6r\u00fc\u015fmeler i\u00e7indeyiz&#8221;<\/p>\n<p>Bakan Bolat, ticaret sava\u015flar\u0131nda yeni alanlar\u0131n a\u00e7\u0131ld\u0131\u011f\u0131n\u0131, baz\u0131 \u00fclkelerin serbest ticaret anla\u015fmalar\u0131 imzalad\u0131\u011f\u0131n\u0131 belirterek, Avrupa Birli\u011fi (AB) ve G\u00fcney Ortak Pazar\u0131 (MERCOSUR) ile AB ve Hindistan aras\u0131nda imzalanan serbest ticaret anla\u015fmalar\u0131na de\u011findi.<\/p>\n<p>AB ile T\u00fcrkiye aras\u0131ndaki G\u00fcmr\u00fck Birli\u011fi&#8217;nin g\u00fcncellenmesi konusunun yeni ortaya \u00e7\u0131kan bir ihtiya\u00e7 olmad\u0131\u011f\u0131n\u0131, bu anla\u015fman\u0131n tamam\u0131yla 1 Ocak 1996&#8217;da y\u00fcr\u00fcrl\u00fc\u011fe girdi\u011fini anlatan Bolat, s\u00f6zlerini \u015f\u00f6yle s\u00fcrd\u00fcrd\u00fc: <\/p>\n<p>&#8220;Orada Avrupa Birli\u011fi&#8217;nin \u00fc\u00e7\u00fcnc\u00fc \u00fclkelerle yapt\u0131\u011f\u0131 ve yapaca\u011f\u0131 serbest ticaret anla\u015fmalar\u0131 ile ilgili olarak biz masada yer alamad\u0131\u011f\u0131m\u0131z i\u00e7in, \u00e7\u00fcnk\u00fc \u00fcye \u00fclke de\u011fildik, ortaya \u00e7\u0131kan asimetriler konusundaki taleplerimizi 1 Ocak 1996&#8217;dan beri hep dile getirdik. Bu noktada \u015funu da ifade etmemiz laz\u0131m ki G\u00fcmr\u00fck Birli\u011fi y\u00fcr\u00fcrl\u00fc\u011fe girdi\u011finde T\u00fcrkiye&#8217;nin AB ile d\u0131\u015f ticaretinde ihracat\u0131n ithalat\u0131 kar\u015f\u0131lama oran\u0131 sadece y\u00fczde 50 idi. Bug\u00fcn y\u00fczde 100. Bu, 30 y\u0131ldaki b\u00fcy\u00fck ba\u015far\u0131d\u0131r. ABD ile de d\u0131\u015f ticaretimizde dengeli ticaret \u00e7abalar\u0131m\u0131zda olduk\u00e7a yol ald\u0131k. Bir yandan ABD ile ticaret m\u00fczakereleri y\u00fcr\u00fct\u00fcyoruz. Bir yandan Avrupa Birli\u011fi ile \u00e7e\u015fitli konular\u0131 kapsayan derin g\u00f6r\u00fc\u015fmeler i\u00e7indeyiz.&#8221;<\/p>\n<p>&#8220;\u00dclkelerin ba\u015fka \u00fclkelerle yapt\u0131\u011f\u0131 anla\u015fmalar\u0131 yak\u0131ndan takip ediyoruz&#8221;<\/p>\n<p>Ticaret Bakan\u0131 Bolat, G\u00fcmr\u00fck Birli\u011fi&#8217;nin g\u00fcncellenmesi konusundaki \u00e7a\u011fr\u0131 ve taleplerinin Avrupa Birli\u011fi Komisyonu taraf\u0131ndan kabul edildi\u011fini an\u0131msatarak \u015fu bilgileri verdi: <\/p>\n<p>&#8220;AB Konseyi&#8217;ne teklif edildi. AB Konseyi&#8217;nden Avrupa Birli\u011fi Komisyonu&#8217;na m\u00fczakereleri ba\u015flatmak i\u00e7in yetkilendirme karar\u0131 gerekiyor. AB Komisyonu bunu bekliyor. Ama bu arada bo\u015f durmuyoruz. AB Komisyonu ile beraber Y\u00fcksek D\u00fczeyli Ticaret Diyalo\u011fu toplant\u0131lar\u0131n\u0131 ba\u015flatt\u0131k. \u015eu ana kadar biri Br\u00fcksel&#8217;de, birisi Ankara&#8217;da iki toplant\u0131 ger\u00e7ekle\u015ftirdik. Burada ula\u015ft\u0131rma kotalar\u0131ndan vize konular\u0131na, g\u00fcmr\u00fcklerle, s\u0131n\u0131rda karbon d\u00fczenleme vergisiyle, ye\u015fil mutabakata ve dijital d\u00f6n\u00fc\u015f\u00fcme uyumla alakal\u0131 b\u00fct\u00fcn ba\u015fl\u0131klar\u0131 bire bir g\u00f6r\u00fc\u015f\u00fcyoruz. G\u00fcmr\u00fck Birli\u011fi i\u00e7inde aram\u0131zda s\u0131k\u0131nt\u0131 olu\u015fturan 29 alt konudan 15 tanesini kar\u015f\u0131l\u0131kl\u0131 uzla\u015farak \u00e7\u00f6zd\u00fck. Geriye kalanlar i\u00e7in de diyaloglar\u0131m\u0131z, toplant\u0131lar\u0131m\u0131z devam ediyor.&#8221;<\/p>\n<p>Bolat, iki hafta \u00f6nce T\u00fcrkiye&#8217;ye gelen Avrupa Birli\u011fi&#8217;nin g\u00fcmr\u00fcklerle ve s\u0131n\u0131rda karbon d\u00fczenlemesiyle ilgili yetkilileri ile gerekli g\u00f6r\u00fc\u015fmeleri yapt\u0131klar\u0131n\u0131 kaydederek, Br\u00fcksel&#8217;de de AB&#8217;nin baz\u0131 \u00f6nemli yetkilileri ile detayl\u0131 m\u00fczakere yapt\u0131klar\u0131n\u0131 anlatt\u0131.<\/p>\n<p>Bu g\u00f6r\u00fc\u015fmelerin devam etti\u011fini vurgulayan Bolat, &#8220;Ancak \u00fclkelerin, gruplar\u0131n ba\u015fka \u00fclkelerle yapt\u0131\u011f\u0131 anla\u015fmalar\u0131 da yak\u0131ndan takip ediyoruz. Bunun \u00fclkemize do\u011furabilece\u011fi etkiler konusunda teyakkuzday\u0131z. \u015eunu da ifade etmek isterim ki trafik sapmas\u0131 gibi durumlar ortaya \u00e7\u0131kmas\u0131n diye g\u00fcmr\u00fcklerimizde gerekli tedbirleri her daim uyguluyoruz. D\u00fcn de uygulad\u0131k, bug\u00fcn de uyguluyoruz, yar\u0131n da uygulayaca\u011f\u0131z.&#8221; diye konu\u015ftu.<\/p>\n<p>Bolat, AB ile yapt\u0131klar\u0131 g\u00f6r\u00fc\u015fmelerde \u00f6zel sekt\u00f6r\u00fc de yanlar\u0131na ald\u0131klar\u0131n\u0131 ifade ederek, G\u00fcmr\u00fck Birli\u011fi&#8217;nden sonra AB&#8217;den T\u00fcrkiye&#8217;ye gelen yabanc\u0131 yat\u0131r\u0131mc\u0131 say\u0131s\u0131ndaki art\u0131\u015fa dikkati \u00e7ekti.<\/p>\n<p>Bakan Bolat, &#8220;2002&#8217;ye kadar 78-79 y\u0131lda gelen yat\u0131r\u0131m 14 milyar dolarken 2002&#8217;den sonra gelen uluslararas\u0131 yat\u0131r\u0131m 287 milyar dolard\u0131r. Bunun y\u00fczde 65&#8217;i ba\u015fta AB \u00fclkeleri olmak \u00fczere Avrupa \u00fclkeleri kaynakl\u0131d\u0131r.&#8221; dedi.<\/p>\n<p>&#8220;Temkinli ve iyimser olal\u0131m, pani\u011fe kap\u0131lmayal\u0131m&#8221;<\/p>\n<p>Ticaret Bakan\u0131 Bolat, AB ile ticaretin kazan-kazan temelinde dengeli ve ba\u015far\u0131yla ilerledi\u011fini belirterek, &#8220;Bu noktada kat\u0131l\u0131m m\u00fczakereleri a\u015famas\u0131nda aday \u00fclke stat\u00fcm\u00fczle beraber G\u00fcmr\u00fck Birli\u011fi&#8217;nin avantajlar\u0131n\u0131 da AB&#8217;den T\u00fcrkiye&#8217;ye gelen yat\u0131r\u0131mc\u0131larla ve T\u00fcrk m\u00fcte\u015febbisler ile birlikte de\u011ferlendiriyoruz. O a\u00e7\u0131dan temkinli ve iyimser olal\u0131m, pani\u011fe kap\u0131lmayal\u0131m.&#8221; \u015feklinde konu\u015ftu.<\/p>\n<p>\u0130\u015fsizlik oranlar\u0131 ve g\u00fcven endekslerindeki olumlu geli\u015fmelerden bahseden Bolat, ihracatta 2025&#8217;i rekorlarla kapatt\u0131klar\u0131n\u0131, ihracat\u00e7\u0131 say\u0131s\u0131n\u0131n 160 bine y\u00fckseldi\u011fini anlatt\u0131.<\/p>\n<p>Bolat, bu y\u0131l T\u00fcrkiye&#8217;de ger\u00e7ekle\u015ftirilecek uluslararas\u0131 zirvelere de\u011finerek, &#8220;(Bu etkinlikler sayesinde) T\u00fcrkiye d\u00fcnyan\u0131n, medyan\u0131n ve d\u00fcnyadaki b\u00fct\u00fcn \u00f6nemli siyaset, ekonomi, \u00e7evre, savunma ve parlamento g\u00fcndemlerinin merkezi haline gelecek. Bu da \u00fclkemizi d\u00fcnyada sayg\u0131n noktada, takip edilen ve geli\u015fmesi izlenen bir \u00fclke konumunda tutacak.&#8221; diye konu\u015ftu.<\/p>\n<p>K\u00fcresel ticarette \u015fartlar\u0131n her ge\u00e7en g\u00fcn zorla\u015ft\u0131\u011f\u0131n\u0131 vurgulayan Bolat, T\u00fcrkiye&#8217;nin menfaati i\u00e7in koordineli ve \u00e7ok \u00e7al\u0131\u015fmalar\u0131 gerekti\u011fini s\u00f6yledi.<\/p>\n<p>Bolat, net rakamlar hen\u00fcz artmasa da T\u00fcrkiye&#8217;nin k\u00fcresel ticaretten ald\u0131\u011f\u0131 pay\u0131n 2025&#8217;te artm\u0131\u015f olaca\u011f\u0131n\u0131 kaydederek, d\u00fcnya ticareti daral\u0131rken ihracat\u0131 art\u0131rd\u0131klar\u0131n\u0131 anlatt\u0131.<\/p>\n<p>T\u00fcrkiye&#8217;nin en \u00e7ok ihracat yapan sekt\u00f6rler ve en y\u00fcksek ihracat yap\u0131lan pazarlar ile ilgili detaylar payla\u015fan Bolat, &#8220;\u00dcretim kabiliyetimizi, yeteneklerimizi ve \u00fcretim kapasitemizi daha da geli\u015ftirmek i\u00e7in canla ba\u015fla \u00e7al\u0131\u015f\u0131yoruz.&#8221; dedi.<\/p>\n<p>Bolat, T\u00fcrk \u00fcr\u00fcnlerinin ve hizmet sekt\u00f6r\u00fcn\u00fcn d\u00fcnyada hakl\u0131 bir \u015f\u00f6hrete sahip oldu\u011funu belirterek, Made in T\u00fcrkiye bizim gurur kayna\u011f\u0131m\u0131z olarak d\u00fcnyada m\u00fc\u015fteriler aras\u0131nda \u00f6nemli bir marka haline geldi. Built by T\u00fcrkiye, yani T\u00fcrk m\u00fcteahhitleri taraf\u0131ndan in\u015fa edilmi\u015ftir, mottosu da art\u0131k b\u00fct\u00fcn d\u00fcnyada, 138 \u00fclkede T\u00fcrk m\u00fcteahhitlerinin ba\u015far\u0131s\u0131n\u0131 temsil ediyor.&#8221; diye konu\u015ftu.<\/p>\n<p>T\u00fcrkiye&#8217;nin hizmet sekt\u00f6r\u00fcnde turizm, m\u00fcteahhitlik, ta\u015f\u0131mac\u0131l\u0131k, e\u011fitim, sa\u011fl\u0131k turizmi ve fuarc\u0131l\u0131k alan\u0131nda yakalad\u0131\u011f\u0131 ba\u015far\u0131lardan bahseden Bolat, ihracat\u00e7\u0131lara sunulan ve 2026 y\u0131l\u0131 boyunca sa\u011flanacak desteklere ili\u015fkin bilgiler payla\u015ft\u0131.<\/p>\n<p>Bolat, bakanl\u0131k olarak ger\u00e7ekle\u015ftirdikleri ticaret diplomasilerinden, hayata ge\u00e7irdikleri toplant\u0131lardan ve imzalad\u0131klar\u0131 anla\u015fmalardan bahsederek, &#8220;Bunlar\u0131n hepsi T\u00fcrkiye&#8217;nin d\u0131\u015f ekonomik ili\u015fkilerini daha da geli\u015ftirmek, \u00fclkemizin milli gelirine, ki\u015fi ba\u015f\u0131na d\u00fc\u015fen milli gelirine ve halk\u0131m\u0131z\u0131n refah\u0131na daha fazla katk\u0131 yapmak i\u00e7in.&#8221; ifadelerini kulland\u0131.<\/p>\n<p>Konu\u015fmas\u0131n\u0131n ard\u0131ndan Bakan Bolat&#8217;a kat\u0131l\u0131m\u0131 nedeniyle plaket takdim edildi.<\/p>\n","protected":false},"excerpt":{"rendered":"<p>Bakan Bolat, G\u00fcmr\u00fck Birli\u011fi&#8217;nin g\u00fcncellenmesi i\u00e7in AB ile m\u00fczakerelere devam ettiklerini a\u00e7\u0131klad\u0131.<\/p>\n","protected":false},"author":1,"featured_media":8123,"comment_status":"open","ping_status":"open","sticky":false,"template":"","format":"standard","meta":{"footnotes":""},"categories":[8],"tags":[1896,437,406,197,700],"class_list":["post-8122","post","type-post","status-publish","format-standard","has-post-thumbnail","hentry","category-ekonomi","tag-bolat","tag-dunya","tag-ticaret","tag-turkiye","tag-ulke"],"_links":{"self":[{"href":"https:\/\/bihavadis.com\/index.php\/wp-json\/wp\/v2\/posts\/8122","targetHints":{"allow":["GET"]}}],"collection":[{"href":"https:\/\/bihavadis.com\/index.php\/wp-json\/wp\/v2\/posts"}],"about":[{"href":"https:\/\/bihavadis.com\/index.php\/wp-json\/wp\/v2\/types\/post"}],"author":[{"embeddable":true,"href":"https:\/\/bihavadis.com\/index.php\/wp-json\/wp\/v2\/users\/1"}],"replies":[{"embeddable":true,"href":"https:\/\/bihavadis.com\/index.php\/wp-json\/wp\/v2\/comments?post=8122"}],"version-history":[{"count":1,"href":"https:\/\/bihavadis.com\/index.php\/wp-json\/wp\/v2\/posts\/8122\/revisions"}],"predecessor-version":[{"id":8124,"href":"https:\/\/bihavadis.com\/index.php\/wp-json\/wp\/v2\/posts\/8122\/revisions\/8124"}],"wp:featuredmedia":[{"embeddable":true,"href":"https:\/\/bihavadis.com\/index.php\/wp-json\/wp\/v2\/media\/8123"}],"wp:attachment":[{"href":"https:\/\/bihavadis.com\/index.php\/wp-json\/wp\/v2\/media?parent=8122"}],"wp:term":[{"taxonomy":"category","embeddable":true,"href":"https:\/\/bihavadis.com\/index.php\/wp-json\/wp\/v2\/categories?post=8122"},{"taxonomy":"post_tag","embeddable":true,"href":"https:\/\/bihavadis.com\/index.php\/wp-json\/wp\/v2\/tags?post=8122"}],"curies":[{"name":"wp","href":"https:\/\/api.w.org\/{rel}","templated":true}]}}