{"id":8133,"date":"2026-01-31T14:39:06","date_gmt":"2026-01-31T14:39:06","guid":{"rendered":"https:\/\/bihavadis.com\/?p=8133"},"modified":"2026-01-31T14:39:06","modified_gmt":"2026-01-31T14:39:06","slug":"azerbaycandan-iran-karari-topraklarimiz-operasyon-amaciyla-kullanilmayacak","status":"publish","type":"post","link":"https:\/\/bihavadis.com\/index.php\/2026\/01\/31\/azerbaycandan-iran-karari-topraklarimiz-operasyon-amaciyla-kullanilmayacak\/","title":{"rendered":"Azerbaycan&#8217;dan \u0130ran karar\u0131: Topraklar\u0131m\u0131z operasyon amac\u0131yla kullan\u0131lmayacak"},"content":{"rendered":"<p>Azerbaycan D\u0131\u015fi\u015fleri Bakan\u0131 Ceyhun Bayramov, \u0130ran D\u0131\u015fi\u015fleri Bakan\u0131 Abbas Erak\u00e7i ile telefon g\u00f6r\u00fc\u015fmesi ger\u00e7ekle\u015ftirdi.<\/p>\n<p>Azerbaycan\u00a0D\u0131\u015fi\u015fleri Bakanl\u0131\u011f\u0131&#8217;ndan yap\u0131lan a\u00e7\u0131klamaya g\u00f6re Bayramov, g\u00f6r\u00fc\u015fmede b\u00f6lgede ya\u015fanan son gerginli\u011fin endi\u015fe verici oldu\u011funu belirterek \u0130ran&#8217;da ve \u00e7evresinde istikrars\u0131zl\u0131\u011fa yol a\u00e7abilecek ad\u0131mlar ile s\u00f6ylemlerden t\u00fcm taraflar\u0131n ka\u00e7\u0131nmas\u0131n\u0131n gereklili\u011finin\u00a0Azerbaycan\u00a0taraf\u0131ndan her zaman vurguland\u0131\u011f\u0131n\u0131 ifade etti.<\/p>\n<p><strong>&#8220;AZERBAYCAN TOPRAKLARI OPERASYON AMACIYLA KULLANILMAYACAK&#8221;<\/strong><\/p>\n<p>Mevcut sorunlar\u0131n yaln\u0131zca uluslararas\u0131 hukukun kural ve ilkelerine uygun \u015fekilde, diyalog ve diplomatik yollarla \u00e7\u00f6z\u00fclmesinin \u00f6nemine dikkati \u00e7eken Bayramov,\u00a0Azerbaycan\u00a0hava sahas\u0131 veya topraklar\u0131n\u0131n herhangi bir devlet taraf\u0131ndan kom\u015fu \u0130ran&#8217;a kar\u015f\u0131 askeri operasyonlar\u0131n y\u00fcr\u00fct\u00fclmesi amac\u0131yla kullan\u0131lmas\u0131na hi\u00e7bir zaman izin verilmeyece\u011fini s\u00f6yledi.<\/p>\n","protected":false},"excerpt":{"rendered":"<p>Azerbaycan D\u0131\u015fi\u015fleri Bakan\u0131 Ceyhun Bayramov, Azerbaycan hava sahas\u0131 veya topraklar\u0131n\u0131n herhangi bir devlet taraf\u0131ndan kom\u015fu \u0130ran&#8217;a kar\u015f\u0131 askeri operasyonlar\u0131n y\u00fcr\u00fct\u00fclmesi amac\u0131yla kullan\u0131lmas\u0131na hi\u00e7bir zaman izin verilmeyece\u011fini ifade etti.<\/p>\n","protected":false},"author":1,"featured_media":8134,"comment_status":"open","ping_status":"open","sticky":false,"template":"","format":"standard","meta":{"footnotes":""},"categories":[6],"tags":[1749],"class_list":["post-8133","post","type-post","status-publish","format-standard","has-post-thumbnail","hentry","category-dunya","tag-azerbaycan"],"_links":{"self":[{"href":"https:\/\/bihavadis.com\/index.php\/wp-json\/wp\/v2\/posts\/8133","targetHints":{"allow":["GET"]}}],"collection":[{"href":"https:\/\/bihavadis.com\/index.php\/wp-json\/wp\/v2\/posts"}],"about":[{"href":"https:\/\/bihavadis.com\/index.php\/wp-json\/wp\/v2\/types\/post"}],"author":[{"embeddable":true,"href":"https:\/\/bihavadis.com\/index.php\/wp-json\/wp\/v2\/users\/1"}],"replies":[{"embeddable":true,"href":"https:\/\/bihavadis.com\/index.php\/wp-json\/wp\/v2\/comments?post=8133"}],"version-history":[{"count":1,"href":"https:\/\/bihavadis.com\/index.php\/wp-json\/wp\/v2\/posts\/8133\/revisions"}],"predecessor-version":[{"id":8135,"href":"https:\/\/bihavadis.com\/index.php\/wp-json\/wp\/v2\/posts\/8133\/revisions\/8135"}],"wp:featuredmedia":[{"embeddable":true,"href":"https:\/\/bihavadis.com\/index.php\/wp-json\/wp\/v2\/media\/8134"}],"wp:attachment":[{"href":"https:\/\/bihavadis.com\/index.php\/wp-json\/wp\/v2\/media?parent=8133"}],"wp:term":[{"taxonomy":"category","embeddable":true,"href":"https:\/\/bihavadis.com\/index.php\/wp-json\/wp\/v2\/categories?post=8133"},{"taxonomy":"post_tag","embeddable":true,"href":"https:\/\/bihavadis.com\/index.php\/wp-json\/wp\/v2\/tags?post=8133"}],"curies":[{"name":"wp","href":"https:\/\/api.w.org\/{rel}","templated":true}]}}