{"id":8195,"date":"2026-01-31T15:30:05","date_gmt":"2026-01-31T15:30:05","guid":{"rendered":"https:\/\/bihavadis.com\/?p=8195"},"modified":"2026-01-31T15:30:05","modified_gmt":"2026-01-31T15:30:05","slug":"okullar-bayrak-sevgisi-temasiyla-baslayacak","status":"publish","type":"post","link":"https:\/\/bihavadis.com\/index.php\/2026\/01\/31\/okullar-bayrak-sevgisi-temasiyla-baslayacak\/","title":{"rendered":"Okullar &#8216;Bayrak Sevgisi&#8217; temas\u0131yla ba\u015flayacak"},"content":{"rendered":"<p>Milli E\u011fitim Bakanl\u0131\u011f\u0131&#8217;ndan (MEB) yap\u0131lan yaz\u0131l\u0131 a\u00e7\u0131klamaya g\u00f6re, ikinci d\u00f6nemin ba\u015flad\u0131\u011f\u0131 ilk hafta olan 2-6 \u015eubat tarihleri aras\u0131nda, resmi ve \u00f6zel t\u00fcm okul ve kurumlarda bayrak sevgisine y\u00f6nelik e\u011fitim ve fark\u0131ndal\u0131k \u00e7al\u0131\u015fmalar\u0131 y\u00fcr\u00fct\u00fclecek.<\/p>\n<p><strong>81 \u0130LE YAZI G\u00d6NDER\u0130LD\u0130<\/strong><\/p>\n<p>Milli E\u011fitim Bakan\u0131 Yusuf Tekin&#8217;in imzas\u0131yla 81 ile g\u00f6nderilen yaz\u0131 do\u011frultusunda, okullarda bayra\u011f\u0131n tarihi, milli ve manevi de\u011ferine ili\u015fkin bilgilendirmeler yap\u0131lacak.<\/p>\n<p>Okul binalar\u0131 T\u00fcrk bayraklar\u0131 ile donat\u0131lacak, bayrak sevgisi temal\u0131 resim, \u015fiir, kompozisyon, afi\u015f yar\u0131\u015fmalar\u0131 ile sergiler, sanatsal ve k\u00fclt\u00fcrel \u00e7al\u0131\u015fmalar d\u00fczenlenecek.<\/p>\n<p>\u00c7al\u0131\u015fmalar\u0131n, T\u00fcrkiye Y\u00fczy\u0131l\u0131 Maarif Modeli kapsam\u0131nda \u00f6\u011frencilerin milli, manevi ve k\u00fclt\u00fcrel de\u011ferlerle b\u00fct\u00fcnle\u015fmi\u015f, birlik, beraberlik ve karde\u015flik bilinci geli\u015fmi\u015f bireyler olarak yeti\u015fmelerine katk\u0131 sunmas\u0131 hedefleniyor.<\/p>\n<p><strong>\u00c7ALI\u015eMANIN AMACI<\/strong><\/p>\n<p>Bu \u00e7er\u00e7evede y\u00fcr\u00fct\u00fclecek \u00e7al\u0131\u015fmalar\u0131n,  anlay\u0131\u015f\u0131 do\u011frultusunda, ba\u011f\u0131ms\u0131zl\u0131\u011f\u0131n\u0131 bayra\u011f\u0131ndan, gelece\u011fini e\u011fitimden alan bir milletin ortak iradesini yans\u0131tmas\u0131, <em><b>&#8220;Y\u00fcre\u011fimiz Bayrak, Gelece\u011fimiz Vatan&#8221;<\/b><\/em> yakla\u015f\u0131m\u0131yla milli birlik ve vatan bilincini peki\u015ftirmesi, <em><b>&#8220;Ay Y\u0131ld\u0131z G\u00f6klerde, Birlik Kalplerde&#8221;<\/b><\/em> mesaj\u0131yla, bayra\u011f\u0131n birle\u015ftirici ve kucaklay\u0131c\u0131 anlam\u0131n\u0131 e\u011fitim ortamlar\u0131nda g\u00f6r\u00fcn\u00fcr k\u0131lmas\u0131 ve <em><b>&#8220;Bayrakla Ba\u015flayan Okul, Birlikle B\u00fcy\u00fcyen Gelecek&#8221; <\/b><\/em>vurgusuyla da T\u00fcrkiye Y\u00fczy\u0131l\u0131 vizyonu ekseninde <em><b>&#8220;g\u00fc\u00e7l\u00fc millet ve istikbal&#8221; <\/b><\/em>idealini besleyen bir e\u011fitim iklimine katk\u0131 sunmas\u0131 ama\u00e7lan\u0131yor.\u00a0<\/p>\n<p><img decoding=\"async\" src=\"https:\/\/bihavadis.com\/wp-content\/uploads\/2026\/01\/okullar-bayrak-sevgisi-temasiyla-baslayacak-0-yfTMyZDV.jpg\"\/><\/p>\n","protected":false},"excerpt":{"rendered":"<p>Milli E\u011fitim Bakanl\u0131\u011f\u0131 ikinci d\u00f6neminin, okullarda bayrak sevgisi, birlik ve ortak aidiyet bilincini g\u00fc\u00e7lendirmeye y\u00f6nelik e\u011fitim ve fark\u0131ndal\u0131k \u00e7al\u0131\u015fmalar\u0131yla ba\u015flayaca\u011f\u0131n\u0131 a\u00e7\u0131klad\u0131.<\/p>\n","protected":false},"author":1,"featured_media":8196,"comment_status":"open","ping_status":"open","sticky":false,"template":"","format":"standard","meta":{"footnotes":""},"categories":[7],"tags":[1906,233,1907],"class_list":["post-8195","post","type-post","status-publish","format-standard","has-post-thumbnail","hentry","category-egitim","tag-bayrak","tag-egitim","tag-milli"],"_links":{"self":[{"href":"https:\/\/bihavadis.com\/index.php\/wp-json\/wp\/v2\/posts\/8195","targetHints":{"allow":["GET"]}}],"collection":[{"href":"https:\/\/bihavadis.com\/index.php\/wp-json\/wp\/v2\/posts"}],"about":[{"href":"https:\/\/bihavadis.com\/index.php\/wp-json\/wp\/v2\/types\/post"}],"author":[{"embeddable":true,"href":"https:\/\/bihavadis.com\/index.php\/wp-json\/wp\/v2\/users\/1"}],"replies":[{"embeddable":true,"href":"https:\/\/bihavadis.com\/index.php\/wp-json\/wp\/v2\/comments?post=8195"}],"version-history":[{"count":1,"href":"https:\/\/bihavadis.com\/index.php\/wp-json\/wp\/v2\/posts\/8195\/revisions"}],"predecessor-version":[{"id":8198,"href":"https:\/\/bihavadis.com\/index.php\/wp-json\/wp\/v2\/posts\/8195\/revisions\/8198"}],"wp:featuredmedia":[{"embeddable":true,"href":"https:\/\/bihavadis.com\/index.php\/wp-json\/wp\/v2\/media\/8196"}],"wp:attachment":[{"href":"https:\/\/bihavadis.com\/index.php\/wp-json\/wp\/v2\/media?parent=8195"}],"wp:term":[{"taxonomy":"category","embeddable":true,"href":"https:\/\/bihavadis.com\/index.php\/wp-json\/wp\/v2\/categories?post=8195"},{"taxonomy":"post_tag","embeddable":true,"href":"https:\/\/bihavadis.com\/index.php\/wp-json\/wp\/v2\/tags?post=8195"}],"curies":[{"name":"wp","href":"https:\/\/api.w.org\/{rel}","templated":true}]}}