{"id":8232,"date":"2026-01-31T16:00:07","date_gmt":"2026-01-31T16:00:07","guid":{"rendered":"https:\/\/bihavadis.com\/?p=8232"},"modified":"2026-01-31T16:00:07","modified_gmt":"2026-01-31T16:00:07","slug":"ardahanda-yariyil-tatilinde-okul-icin-seferber-oldular","status":"publish","type":"post","link":"https:\/\/bihavadis.com\/index.php\/2026\/01\/31\/ardahanda-yariyil-tatilinde-okul-icin-seferber-oldular\/","title":{"rendered":"Ardahan&#8217;da yar\u0131y\u0131l tatilinde okul i\u00e7in seferber oldular"},"content":{"rendered":"<p>\u00d6\u011frencilerin yar\u0131y\u0131l tatilinde olmas\u0131n\u0131 de\u011ferlendiren Ardahan Fen Lisesi idarecileri, okul binas\u0131nda bak\u0131m ve yenileme \u00e7al\u0131\u015fmalar\u0131na ba\u015flad\u0131. Okul m\u00fcd\u00fcr\u00fc ve yard\u0131mc\u0131lar\u0131, \u00e7al\u0131\u015fanlarla birlikte s\u0131n\u0131flardan koridorlara kadar okulun bir\u00e7ok alan\u0131nda onar\u0131m ve temizlik yapt\u0131.<\/p>\n<p><strong>SINIFLAR BA\u015eTAN A\u015eA\u011eI ELDEN GE\u00c7\u0130R\u0130LD\u0130<\/strong><\/p>\n<p>Badana, s\u0131va ve boya i\u015flemlerinin ard\u0131ndan genel temizlik \u00e7al\u0131\u015fmalar\u0131n\u0131n ger\u00e7ekle\u015ftirildi\u011fi okulda, s\u0131ralar d\u00fczenlenerek s\u0131n\u0131flar e\u011fitim \u00f6\u011fretime haz\u0131r hale getirildi. \u0130darecilerin bizzat \u00e7al\u0131\u015fmalara kat\u0131lmas\u0131, okulda dayan\u0131\u015fma \u00f6rne\u011fi sergiledi.<\/p>\n<p><img decoding=\"async\" src=\"https:\/\/bihavadis.com\/wp-content\/uploads\/2026\/01\/ardahanda-yariyil-tatilinde-okul-icin-seferber-oldular-0-jqQmmhqR.jpg\"\/><\/p>\n<p><strong>280 \u00d6\u011eRENC\u0130 \u0130\u00c7\u0130N DAHA SA\u011eLIKLI B\u0130R ORTAM<\/strong><\/p>\n<p>10 derslikte 280 \u00f6\u011frencinin e\u011fitim g\u00f6rd\u00fc\u011f\u00fc Ardahan Fen Lisesi\u2019nde, 26 \u00f6\u011fretmen g\u00f6rev yap\u0131yor. Yap\u0131lan \u00e7al\u0131\u015fmalarla \u00f6\u011frencilerin ikinci d\u00f6neme hijyenik ve d\u00fczenli bir ortamda ba\u015flamas\u0131 hedefleniyor.<\/p>\n<p><strong>&#8220;\u0130K\u0130NC\u0130 D\u00d6NEME HAZIR OLMAK \u0130STED\u0130K&#8221;<\/strong><\/p>\n<p>Okul M\u00fcd\u00fcr\u00fc A\u015fk\u0131n H\u00fcseyino\u011flu, 2025-2026 e\u011fitim \u00f6\u011fretim y\u0131l\u0131n\u0131n ikinci d\u00f6nemine titizlikle haz\u0131rland\u0131klar\u0131n\u0131 s\u00f6yledi. Okulun t\u00fcm s\u0131n\u0131flar\u0131n\u0131n elden ge\u00e7irildi\u011fini belirten H\u00fcseyino\u011flu, \u00e7al\u0131\u015fmalar\u0131n planl\u0131 \u015fekilde s\u00fcrd\u00fc\u011f\u00fcn\u00fc ifade etti:<\/p>\n<p>Boya ve badana \u00e7al\u0131\u015fmalar\u0131n\u0131 tamamlad\u0131k. Ard\u0131ndan genel temizlik yaparak s\u0131ralar\u0131 yerlerine yerle\u015ftirdik. \u00d6\u011frencilerimizi daha g\u00fczel ve sa\u011fl\u0131kl\u0131 bir ortamda kar\u015f\u0131lamak i\u00e7in \u00f6n\u00fcm\u00fczdeki g\u00fcnlerde de \u00e7al\u0131\u015fmalar\u0131m\u0131za devam edece\u011fiz. Emek veren t\u00fcm arkada\u015flar\u0131ma te\u015fekk\u00fcr ediyorum.<\/p>\n<p><img decoding=\"async\" src=\"https:\/\/bihavadis.com\/wp-content\/uploads\/2026\/01\/ardahanda-yariyil-tatilinde-okul-icin-seferber-oldular-1-WXHuHOIG.jpg\"\/><\/p>\n<p><strong>\u0130DAREC\u0130LERDEN G\u00d6N\u00dcLL\u00dc KATKI<\/strong><\/p>\n<p>M\u00fcd\u00fcr Yard\u0131mc\u0131s\u0131 Muhsin Okcu da tatil s\u00fcresince yap\u0131lan \u00e7al\u0131\u015fmalara g\u00f6n\u00fcll\u00fc olarak kat\u0131ld\u0131klar\u0131n\u0131 belirtti. \u00d6\u011frencilerin hijyenik bir ortamda e\u011fitim almalar\u0131n\u0131n \u00f6ncelikleri oldu\u011funu vurgulayan Okcu, bu s\u00fcrecin kendileri i\u00e7in anlaml\u0131 oldu\u011funu dile getirdi:<\/p>\n<p>\u00c7ocuklar\u0131m\u0131z\u0131n daha temiz bir ortamda e\u011fitim g\u00f6rmesi i\u00e7in bu \u00e7al\u0131\u015fmay\u0131 g\u00f6n\u00fclden yapt\u0131k. Okulun temizli\u011fi hepimizin sorumlulu\u011fu. B\u00f6yle bir \u00e7al\u0131\u015fman\u0131n par\u00e7as\u0131 olmak bizler i\u00e7in gurur verici.<\/p>\n<p><img decoding=\"async\" src=\"https:\/\/bihavadis.com\/wp-content\/uploads\/2026\/01\/ardahanda-yariyil-tatilinde-okul-icin-seferber-oldular-2-DgDuDvpT.jpg\"\/><\/p>\n","protected":false},"excerpt":{"rendered":"<p>Ardahan Fen Lisesi idarecileri, yar\u0131y\u0131l tatilini f\u0131rsata \u00e7evirerek okulda bak\u0131m, onar\u0131m, boya ve temizlik \u00e7al\u0131\u015fmalar\u0131 yapt\u0131.<\/p>\n","protected":false},"author":1,"featured_media":8233,"comment_status":"open","ping_status":"open","sticky":false,"template":"","format":"standard","meta":{"footnotes":""},"categories":[7],"tags":[233,973,316,673],"class_list":["post-8232","post","type-post","status-publish","format-standard","has-post-thumbnail","hentry","category-egitim","tag-egitim","tag-ogrenci","tag-okul","tag-temiz"],"_links":{"self":[{"href":"https:\/\/bihavadis.com\/index.php\/wp-json\/wp\/v2\/posts\/8232","targetHints":{"allow":["GET"]}}],"collection":[{"href":"https:\/\/bihavadis.com\/index.php\/wp-json\/wp\/v2\/posts"}],"about":[{"href":"https:\/\/bihavadis.com\/index.php\/wp-json\/wp\/v2\/types\/post"}],"author":[{"embeddable":true,"href":"https:\/\/bihavadis.com\/index.php\/wp-json\/wp\/v2\/users\/1"}],"replies":[{"embeddable":true,"href":"https:\/\/bihavadis.com\/index.php\/wp-json\/wp\/v2\/comments?post=8232"}],"version-history":[{"count":1,"href":"https:\/\/bihavadis.com\/index.php\/wp-json\/wp\/v2\/posts\/8232\/revisions"}],"predecessor-version":[{"id":8237,"href":"https:\/\/bihavadis.com\/index.php\/wp-json\/wp\/v2\/posts\/8232\/revisions\/8237"}],"wp:featuredmedia":[{"embeddable":true,"href":"https:\/\/bihavadis.com\/index.php\/wp-json\/wp\/v2\/media\/8233"}],"wp:attachment":[{"href":"https:\/\/bihavadis.com\/index.php\/wp-json\/wp\/v2\/media?parent=8232"}],"wp:term":[{"taxonomy":"category","embeddable":true,"href":"https:\/\/bihavadis.com\/index.php\/wp-json\/wp\/v2\/categories?post=8232"},{"taxonomy":"post_tag","embeddable":true,"href":"https:\/\/bihavadis.com\/index.php\/wp-json\/wp\/v2\/tags?post=8232"}],"curies":[{"name":"wp","href":"https:\/\/api.w.org\/{rel}","templated":true}]}}