{"id":8370,"date":"2026-01-31T17:39:07","date_gmt":"2026-01-31T17:39:07","guid":{"rendered":"https:\/\/bihavadis.com\/?p=8370"},"modified":"2026-01-31T17:39:07","modified_gmt":"2026-01-31T17:39:07","slug":"pep-guardioladan-filistin-cikisi-onlari-yalniz-biraktik-terk-ettik","status":"publish","type":"post","link":"https:\/\/bihavadis.com\/index.php\/2026\/01\/31\/pep-guardioladan-filistin-cikisi-onlari-yalniz-biraktik-terk-ettik\/","title":{"rendered":"Pep Guardiola\u2019dan Filistin \u00e7\u0131k\u0131\u015f\u0131: Onlar\u0131 yaln\u0131z b\u0131rakt\u0131k, terk ettik"},"content":{"rendered":"<p>D\u00fcnyan\u0131n hemen hemen her yerinden \u0130srail&#8217;in Filistin&#8217;deki zulm\u00fcne y\u00f6nelik tepkiler geliyor.<\/p>\n<p>\u0130srail&#8217;in zulm\u00fcne isyan edenlerden biri de Manchester City Teknik Direkt\u00f6r\u00fc Pep Guardiola&#8230;<\/p>\n<p>Guardiola. son olarak, Barselona&#8217;da Filistin i\u00e7in d\u00fczenlenen yard\u0131m kampanyas\u0131na kat\u0131ld\u0131.<\/p>\n<p>Guardiola burada yapt\u0131\u011f\u0131 konu\u015fmayla t\u00fcm d\u00fcnyada ses getirdi.<\/p>\n<p>Guardiola, 30 sanat\u00e7\u0131yla birlikte Palau Sant Jordi&#8217;de d\u00fczenlenen &#8216;Act x Palestine&#8217; yard\u0131m etkinli\u011finde sahneye \u00e7\u0131kt\u0131.<\/p>\n<p><strong>&#8220;F\u0130L\u0130ST\u0130N&#8217;\u0130 YALNIZ BIRAKTIK, TERK ETT\u0130K&#8221;<\/strong><\/p>\n<p>Siyah beyaz Filistin kefiyesi takan Guardiola, Gazze&#8217;deki sava\u015fta ebeveynlerini kaybeden \u00e7ocuklar i\u00e7in bir konu\u015fma yapt\u0131.<\/p>\n<p>Guardiola, Gazze\u2019de ya\u015fanan insani trajediye dikkat \u00e7ekerek \u00f6zellikle \u00e7ocuklar\u0131n ya\u015fad\u0131\u011f\u0131 dram \u00fczerinden uluslararas\u0131 topluma sert bir mesaj verdi.<\/p>\n<p>\u0130spanyol teknik adam daha sonra enkaz alt\u0131nda kalan bir \u00e7ocu\u011fun g\u00f6r\u00fcnt\u00fcs\u00fcnden etkilendi\u011fini anlatt\u0131.<\/p>\n<p><span><em>\u201cSan\u0131r\u0131m onlar\u0131 yaln\u0131z b\u0131rakt\u0131k, terk ettik\u201d\u00a0<\/em><\/span>ifadelerini kullanan Guardiola, Filistin&#8217;deki insanl\u0131k dram\u0131na sessiz kalan uluslararas\u0131 topluma y\u00f6nelik ele\u015ftirisini sertle\u015ftirdi.<\/p>\n<p><img decoding=\"async\" src=\"https:\/\/bihavadis.com\/wp-content\/uploads\/2026\/01\/pep-guardioladan-filistin-cikisi-onlari-yalniz-biraktik-terk-ettik-0-25FKCqsD.jpg\"\/><\/p>\n<p><strong>&#8220;MASUM \u0130NSANLARI \u00d6LD\u00dcR\u00dcYORLAR&#8221;<\/strong><\/p>\n<p>\u0130\u015fte Guardiola&#8217;n\u0131n Filistin i\u00e7in yapt\u0131\u011f\u0131 konu\u015fman\u0131n tam metni:<\/p>\n<p>&#8220;\u0130yi ak\u015famlar! Selam\u00fcn aleyk\u00fcm! Son iki y\u0131ld\u0131r sosyal medyada ve televizyonda g\u00f6rd\u00fc\u011f\u00fcm, kendini filme alan ve annesinin nerede oldu\u011funu soran bir \u00e7ocuk g\u00f6rd\u00fc\u011f\u00fcmde -annesi enkaz alt\u0131nda g\u00f6m\u00fcl\u00fc oldu\u011fu halde o bunu hen\u00fcz bilmiyor- hep \u015funu d\u00fc\u015f\u00fcn\u00fcyorum: Acaba o ne d\u00fc\u015f\u00fcn\u00fcyor? Onlar\u0131 yaln\u0131z b\u0131rakt\u0131\u011f\u0131m\u0131z\u0131, terk etti\u011fimizi, ihmal etti\u011fimizi hissediyorum. Her zaman onun &#8220;Neredesiniz? Gelin ve bize yard\u0131m edin&#8221; dedi\u011fini hayal ediyorum. Ve \u015fimdiye kadar bunu yapmad\u0131k. Belki de iktidardakiler korkak olduklar\u0131 i\u00e7in, \u00e7\u00fcnk\u00fc temelde masum gen\u00e7leri masum insanlar\u0131 \u00f6ld\u00fcrmeye g\u00f6nderiyorlar.<\/p>\n<p><img decoding=\"async\" src=\"https:\/\/bihavadis.com\/wp-content\/uploads\/2026\/01\/pep-guardioladan-filistin-cikisi-onlari-yalniz-biraktik-terk-ettik-1-cVMmjGVx.jpg\"\/><\/p>\n<p><strong>&#8220;B\u0130R ADIM \u00d6NE \u00c7IKMAMAMIZI \u0130ST\u0130YORLAR&#8221;<\/strong><\/p>\n<p>Korkaklar b\u00f6yle yapar. \u00c7\u00fcnk\u00fc onlar evlerinde, so\u011fukta \u0131s\u0131tma, s\u0131cakta klima ile ya\u015f\u0131yorlar. Bir ad\u0131m \u00f6ne \u00e7\u0131kmal\u0131y\u0131z. Sadece orada olmak bile \u00e7ok \u015fey ifade ediyor, \u00e7ok ama \u00e7ok \u015fey. Bombalar\u0131n yol a\u00e7t\u0131\u011f\u0131 ve yol a\u00e7mak istedi\u011fi \u015fey sessizlik ve bizim ba\u015fka y\u00f6ne bakmam\u0131z. Tek hedefleri bu, bizim bir ad\u0131m \u00f6ne \u00e7\u0131kmamam\u0131z. Ve biz buna direnmeliyiz. Ba\u015fka y\u00f6ne bakmamal\u0131y\u0131z; dahil olmal\u0131 ve kat\u0131lmal\u0131y\u0131z. D\u00fcnyan\u0131n \u00f6n\u00fcnde durarak, do\u011fal olarak zay\u0131f olanlar\u0131n, bu durumda Filistin&#8217;in yan\u0131nda oldu\u011fumuzu g\u00f6steriyoruz ama sadece Filistin&#8217;in de\u011fil, t\u00fcm davalar\u0131n. Bu Filistin i\u00e7in bir bildiri ve insanl\u0131k i\u00e7in bir bildiri.&#8221;<\/p>\n<p><img decoding=\"async\" src=\"https:\/\/bihavadis.com\/wp-content\/uploads\/2026\/01\/pep-guardioladan-filistin-cikisi-onlari-yalniz-biraktik-terk-ettik-2-pW7FAb17.jpg\"\/><\/p>\n","protected":false},"excerpt":{"rendered":"<p>Manchester City teknik direkt\u00f6r\u00fc Pep Guardiola, Per\u015fembe ak\u015fam\u0131 Barselona\u2019da d\u00fczenlenen bir yard\u0131m konserinde sahneye \u00e7\u0131karak Filistinli \u00e7ocuklara destek verdi. Siyah-beyaz kefiye takarak yapt\u0131\u011f\u0131 konu\u015fmada d\u00fcnya liderlerini sert bir dille ele\u015ftiren \u0130spanyol teknik adam, Gazze\u2019de ya\u015fananlar i\u00e7in &#8220;insanl\u0131\u011f\u0131n bitti\u011fi yer&#8221; yorumunda bulundu.<\/p>\n","protected":false},"author":1,"featured_media":8371,"comment_status":"open","ping_status":"open","sticky":false,"template":"","format":"standard","meta":{"footnotes":""},"categories":[14],"tags":[414,1268],"class_list":["post-8370","post","type-post","status-publish","format-standard","has-post-thumbnail","hentry","category-spor","tag-filistin","tag-guardiola"],"_links":{"self":[{"href":"https:\/\/bihavadis.com\/index.php\/wp-json\/wp\/v2\/posts\/8370","targetHints":{"allow":["GET"]}}],"collection":[{"href":"https:\/\/bihavadis.com\/index.php\/wp-json\/wp\/v2\/posts"}],"about":[{"href":"https:\/\/bihavadis.com\/index.php\/wp-json\/wp\/v2\/types\/post"}],"author":[{"embeddable":true,"href":"https:\/\/bihavadis.com\/index.php\/wp-json\/wp\/v2\/users\/1"}],"replies":[{"embeddable":true,"href":"https:\/\/bihavadis.com\/index.php\/wp-json\/wp\/v2\/comments?post=8370"}],"version-history":[{"count":1,"href":"https:\/\/bihavadis.com\/index.php\/wp-json\/wp\/v2\/posts\/8370\/revisions"}],"predecessor-version":[{"id":8375,"href":"https:\/\/bihavadis.com\/index.php\/wp-json\/wp\/v2\/posts\/8370\/revisions\/8375"}],"wp:featuredmedia":[{"embeddable":true,"href":"https:\/\/bihavadis.com\/index.php\/wp-json\/wp\/v2\/media\/8371"}],"wp:attachment":[{"href":"https:\/\/bihavadis.com\/index.php\/wp-json\/wp\/v2\/media?parent=8370"}],"wp:term":[{"taxonomy":"category","embeddable":true,"href":"https:\/\/bihavadis.com\/index.php\/wp-json\/wp\/v2\/categories?post=8370"},{"taxonomy":"post_tag","embeddable":true,"href":"https:\/\/bihavadis.com\/index.php\/wp-json\/wp\/v2\/tags?post=8370"}],"curies":[{"name":"wp","href":"https:\/\/api.w.org\/{rel}","templated":true}]}}