{"id":8453,"date":"2026-01-31T18:42:07","date_gmt":"2026-01-31T18:42:07","guid":{"rendered":"https:\/\/bihavadis.com\/?p=8453"},"modified":"2026-01-31T18:42:07","modified_gmt":"2026-01-31T18:42:07","slug":"putin-ve-saradan-ticaret-gorusmesi","status":"publish","type":"post","link":"https:\/\/bihavadis.com\/index.php\/2026\/01\/31\/putin-ve-saradan-ticaret-gorusmesi\/","title":{"rendered":"Putin ve \u015eara&#8217;dan Ticaret G\u00f6r\u00fc\u015fmesi"},"content":{"rendered":"<p>\n<p>KREML\u0130N S\u00f6zc\u00fcs\u00fc Dmitriy Peskov, Rusya Devlet Ba\u015fkan\u0131 Putin ve Suriye Cumhurba\u015fkan\u0131 Ahmed \u015eara aras\u0131nda ger\u00e7ekle\u015fen g\u00f6r\u00fc\u015fmede a\u011f\u0131rl\u0131kl\u0131 olarak ikili ticaret ve ekonomik ili\u015fkilerin ele al\u0131nd\u0131\u011f\u0131n\u0131 bildirdi. <\/p>\n<p>Kremlin S\u00f6zc\u00fcs\u00fc Dmitriy Peskov, bug\u00fcnk\u00fc bas\u0131n toplant\u0131s\u0131nda g\u00fcndeme ili\u015fkin de\u011ferlendirmede bulundu. Moskova&#8217;da d\u00fcn Rusya Devlet Ba\u015fkan\u0131 Vladimir Putin ve Suriyeli mevkida\u015f\u0131 Ahmed \u015eara aras\u0131nda ger\u00e7ekle\u015fen g\u00f6r\u00fc\u015fmeyle ilgili a\u00e7\u0131klama yapan Peskov, &#8220;G\u00f6r\u00fc\u015fmede, a\u011f\u0131rl\u0131kl\u0131 olarak ikili ticaret ve ekonomik ili\u015fkilere odaklan\u0131ld\u0131&#8221; dedi.<\/p>\n<p>Peskov, Moskova ve \u015eam&#8217;\u0131n ticaret i\u015f birli\u011fi a\u00e7\u0131s\u0131ndan b\u00fcy\u00fck bir potansiyeli ve kar\u015f\u0131l\u0131kl\u0131 \u00e7\u0131karlar\u0131 oldu\u011funu belirterek, g\u00f6r\u00fc\u015fmede Suriye&#8217;deki Rus askeri \u00fcsleri konusunun da ele al\u0131nd\u0131\u011f\u0131n\u0131 kaydetti. <\/p>\n<p>Rusya ve Ukrayna heyetleri aras\u0131nda Abu Dabi&#8217;de yap\u0131lan g\u00f6r\u00fc\u015fmelerin gerekirse iki g\u00fcn s\u00fcrebilece\u011fini aktaran Peskov, &#8220;Rusya&#8217;n\u0131n kat\u0131l\u0131m\u0131yla Abu Dabi&#8217;de yap\u0131lan toplant\u0131n\u0131n ayr\u0131nt\u0131lar\u0131 1 \u015eubat&#8217;a kadar netle\u015fecek. \u015eu anda Almanya&#8217;n\u0131n Ukrayna m\u00fczakerelerinde ara buluculuk yapmas\u0131 s\u00f6z konusu de\u011fil&#8221; ifadelerini kulland\u0131.<\/p>\n<p>Peskov, g\u00f6r\u00fc\u015fmede eski Suriye Cumhurba\u015fkan\u0131 Be\u015far Esad&#8217;\u0131n iadesi konusunun ele al\u0131nmad\u0131\u011f\u0131n\u0131 da s\u00f6yledi.<\/p>\n","protected":false},"excerpt":{"rendered":"<p>Putin ve \u015eara, ekonomik ili\u015fkiler ve Suriye&#8217;deki Rus \u00fcslerini g\u00f6r\u00fc\u015fmek \u00fczere bir araya geldi.<\/p>\n","protected":false},"author":1,"featured_media":8454,"comment_status":"open","ping_status":"open","sticky":false,"template":"","format":"standard","meta":{"footnotes":""},"categories":[12],"tags":[1947,1625],"class_list":["post-8453","post","type-post","status-publish","format-standard","has-post-thumbnail","hentry","category-siyaset","tag-peskov","tag-rus"],"_links":{"self":[{"href":"https:\/\/bihavadis.com\/index.php\/wp-json\/wp\/v2\/posts\/8453","targetHints":{"allow":["GET"]}}],"collection":[{"href":"https:\/\/bihavadis.com\/index.php\/wp-json\/wp\/v2\/posts"}],"about":[{"href":"https:\/\/bihavadis.com\/index.php\/wp-json\/wp\/v2\/types\/post"}],"author":[{"embeddable":true,"href":"https:\/\/bihavadis.com\/index.php\/wp-json\/wp\/v2\/users\/1"}],"replies":[{"embeddable":true,"href":"https:\/\/bihavadis.com\/index.php\/wp-json\/wp\/v2\/comments?post=8453"}],"version-history":[{"count":1,"href":"https:\/\/bihavadis.com\/index.php\/wp-json\/wp\/v2\/posts\/8453\/revisions"}],"predecessor-version":[{"id":8455,"href":"https:\/\/bihavadis.com\/index.php\/wp-json\/wp\/v2\/posts\/8453\/revisions\/8455"}],"wp:featuredmedia":[{"embeddable":true,"href":"https:\/\/bihavadis.com\/index.php\/wp-json\/wp\/v2\/media\/8454"}],"wp:attachment":[{"href":"https:\/\/bihavadis.com\/index.php\/wp-json\/wp\/v2\/media?parent=8453"}],"wp:term":[{"taxonomy":"category","embeddable":true,"href":"https:\/\/bihavadis.com\/index.php\/wp-json\/wp\/v2\/categories?post=8453"},{"taxonomy":"post_tag","embeddable":true,"href":"https:\/\/bihavadis.com\/index.php\/wp-json\/wp\/v2\/tags?post=8453"}],"curies":[{"name":"wp","href":"https:\/\/api.w.org\/{rel}","templated":true}]}}