{"id":8481,"date":"2026-01-31T19:03:06","date_gmt":"2026-01-31T19:03:06","guid":{"rendered":"https:\/\/bihavadis.com\/?p=8481"},"modified":"2026-01-31T19:03:06","modified_gmt":"2026-01-31T19:03:06","slug":"cagla-bas-paralimpik-madalya-hedefliyor","status":"publish","type":"post","link":"https:\/\/bihavadis.com\/index.php\/2026\/01\/31\/cagla-bas-paralimpik-madalya-hedefliyor\/","title":{"rendered":"\u00c7a\u011fla Ba\u015f, Paralimpik Madalya Hedefliyor"},"content":{"rendered":"<p>T\u00fcrkiye&#8217;yi \u00fc\u00e7 kez paralimpik oyunlar\u0131nda temsil etme ba\u015far\u0131s\u0131 g\u00f6steren Ordulu milli at\u0131c\u0131 \u00c7a\u011fla Ba\u015f, d\u00f6rd\u00fcnc\u00fc kez kat\u0131lmak istedi\u011fi organizasyonda madalya kazanabilme hedefiyle \u00e7al\u0131\u015f\u0131yor.<\/p>\n<p>Kariyerinde d\u00fcnya, Avrupa ve T\u00fcrkiye \u015fampiyonalar\u0131nda dereceleri bulunan \u00c7a\u011fla Ba\u015f, haz\u0131rl\u0131klar\u0131n\u0131 Alt\u0131nordu il\u00e7esindeki Haval\u0131 Silahlar At\u0131\u015f Poligonu&#8217;nda s\u00fcrd\u00fcr\u00fcyor.<\/p>\n<p>\u00c7a\u011fla Ba\u015f, AA muhabirine, 17 y\u0131ld\u0131r bu sporla u\u011fra\u015ft\u0131\u011f\u0131n\u0131 belirterek, daha \u00f6nce T\u00fcrkiye&#8217;yi 2016, 2020 ve 2024 Paralimpik Oyunlar\u0131&#8217;nda temsil etti\u011fini hat\u0131rlatt\u0131.<\/p>\n<p>Bu ba\u015far\u0131s\u0131n\u0131 2028&#8217;de Los Angeles&#8217;ta d\u00fczenlenecek organizasyona kat\u0131larak s\u00fcrd\u00fcrmek istedi\u011fini ifade eden \u00c7a\u011fla, \u00f6ncelikli olarak kota almak i\u00e7in haz\u0131rland\u0131\u011f\u0131n\u0131 belirtti.<\/p>\n<p>\u00c7a\u011fla, bu y\u0131l d\u00fczenlenecek ve paralimpik oyunlar\u0131na kota veren turnuvalarda ba\u015far\u0131 g\u00f6stererek Los Angeles biletini almak istedi\u011fini kaydederek, &#8220;Haftan\u0131n be\u015f g\u00fcn\u00fc yo\u011fun bir \u015fekilde antrenmanlar\u0131m\u0131 s\u00fcrd\u00fcr\u00fcyorum. Bu y\u0131l i\u00e7erisinde kota yar\u0131\u015fmalar\u0131 olacak. Bu organizasyonlara kadar iyi bir haz\u0131rl\u0131k s\u00fcreci ge\u00e7irmek istiyorum.&#8221; dedi.<\/p>\n<p>D\u00f6rd\u00fcnc\u00fc kez paralimpik oyunlar\u0131nda olmay\u0131 \u00e7ok istedi\u011finin alt\u0131n\u0131 \u00e7izen \u00c7a\u011fla, \u015funlar\u0131 kaydetti: <\/p>\n<p>&#8220;\u00dc\u00e7 kez kat\u0131ld\u0131\u011f\u0131m paralimpik oyunlar\u0131nda istedi\u011fim madalyaya ula\u015famad\u0131m ama pes etmek istemiyorum. Kariyerimde bir\u00e7ok ba\u015far\u0131 var. Ama benim tamamlamam gerekti\u011fine inand\u0131\u011f\u0131m bir hikayem var. O y\u00fczden bu yolda emin ad\u0131mlarla ilerlemeye \u00e7al\u0131\u015f\u0131yorum. Paz\u0131l\u0131n son par\u00e7as\u0131 eksik. Bu da paralimpik madalyas\u0131. Rengi hi\u00e7 \u00f6nemli de\u011fil. Ama paralimpik madalyas\u0131n\u0131n benim olmas\u0131n\u0131 \u00e7ok istiyorum. \u00c7\u00fcnk\u00fc \u00e7ok emek verdim. Her sporcu gibi benim de hayalim bu madalyay\u0131 kazanabilmek. Bu hayalimi ger\u00e7ekle\u015ftirmek i\u00e7in elimden geleni yap\u0131yorum.&#8221;<\/p>\n<p>\u00c7a\u011fla Ba\u015f, kul\u00fcp antren\u00f6r\u00fc Mustafa Atalay&#8217;\u0131n kendisine verdi\u011fi program do\u011frultusunda \u00e7al\u0131\u015ft\u0131\u011f\u0131n\u0131 aktararak, &#8220;Kul\u00fcb\u00fcm olsun, antren\u00f6r\u00fcm olsun b\u00fct\u00fcn imkanlar\u0131 benim i\u00e7in sa\u011fl\u0131yorlar. Ailem de en b\u00fcy\u00fck destek\u00e7ilerimden. \u015eu anda benim i\u00e7in her \u015fey \u00e7ok g\u00fczel gidiyor.&#8221; diye konu\u015ftu.<\/p>\n","protected":false},"excerpt":{"rendered":"<p>Ordulu milli at\u0131c\u0131 \u00c7a\u011fla Ba\u015f, 2028 Paralimpik Oyunlar\u0131&#8217;nda madalya kazanmak i\u00e7in \u00e7al\u0131\u015f\u0131yor.<\/p>\n","protected":false},"author":1,"featured_media":8482,"comment_status":"open","ping_status":"open","sticky":false,"template":"","format":"standard","meta":{"footnotes":""},"categories":[14],"tags":[1859,1951,1954,1953,1952],"class_list":["post-8481","post","type-post","status-publish","format-standard","has-post-thumbnail","hentry","category-spor","tag-benim","tag-cagla","tag-istedigi","tag-madalya","tag-paralimpik"],"_links":{"self":[{"href":"https:\/\/bihavadis.com\/index.php\/wp-json\/wp\/v2\/posts\/8481","targetHints":{"allow":["GET"]}}],"collection":[{"href":"https:\/\/bihavadis.com\/index.php\/wp-json\/wp\/v2\/posts"}],"about":[{"href":"https:\/\/bihavadis.com\/index.php\/wp-json\/wp\/v2\/types\/post"}],"author":[{"embeddable":true,"href":"https:\/\/bihavadis.com\/index.php\/wp-json\/wp\/v2\/users\/1"}],"replies":[{"embeddable":true,"href":"https:\/\/bihavadis.com\/index.php\/wp-json\/wp\/v2\/comments?post=8481"}],"version-history":[{"count":1,"href":"https:\/\/bihavadis.com\/index.php\/wp-json\/wp\/v2\/posts\/8481\/revisions"}],"predecessor-version":[{"id":8483,"href":"https:\/\/bihavadis.com\/index.php\/wp-json\/wp\/v2\/posts\/8481\/revisions\/8483"}],"wp:featuredmedia":[{"embeddable":true,"href":"https:\/\/bihavadis.com\/index.php\/wp-json\/wp\/v2\/media\/8482"}],"wp:attachment":[{"href":"https:\/\/bihavadis.com\/index.php\/wp-json\/wp\/v2\/media?parent=8481"}],"wp:term":[{"taxonomy":"category","embeddable":true,"href":"https:\/\/bihavadis.com\/index.php\/wp-json\/wp\/v2\/categories?post=8481"},{"taxonomy":"post_tag","embeddable":true,"href":"https:\/\/bihavadis.com\/index.php\/wp-json\/wp\/v2\/tags?post=8481"}],"curies":[{"name":"wp","href":"https:\/\/api.w.org\/{rel}","templated":true}]}}