{"id":8511,"date":"2026-01-31T19:21:07","date_gmt":"2026-01-31T19:21:07","guid":{"rendered":"https:\/\/bihavadis.com\/?p=8511"},"modified":"2026-01-31T19:21:07","modified_gmt":"2026-01-31T19:21:07","slug":"oyuncu-celil-nalcakanin-aci-gunu-su-gibi-geldin-su-gibi-gittin-kizim","status":"publish","type":"post","link":"https:\/\/bihavadis.com\/index.php\/2026\/01\/31\/oyuncu-celil-nalcakanin-aci-gunu-su-gibi-geldin-su-gibi-gittin-kizim\/","title":{"rendered":"Oyuncu Celil Nal\u00e7akan&#8217;\u0131n ac\u0131 g\u00fcn\u00fc: Su gibi geldin, su gibi gittin k\u0131z\u0131m"},"content":{"rendered":"<p>&#8220;Poyraz Karayel&#8221; ve &#8220;Karde\u015flerim&#8221; dizisiyle haf\u0131zalara kaz\u0131nan oyuncu Celil Nal\u00e7akan, sosyal medya hesab\u0131ndan yapt\u0131\u011f\u0131 payla\u015f\u0131mla sevenlerini \u00fczd\u00fc. Nal\u00e7akan, 12 y\u0131ld\u0131r hayat\u0131n\u0131 payla\u015ft\u0131\u011f\u0131 ve &#8220;k\u0131z\u0131m&#8221; diye seslendi\u011fi k\u00f6pe\u011fi Rodin&#8217;i kaybetti\u011fini duyurdu.<\/p>\n<div>\n<figure><img decoding=\"async\" src=\"https:\/\/bihavadis.com\/wp-content\/uploads\/2026\/01\/oyuncu-celil-nalcakanin-aci-gunu-su-gibi-geldin-su-gibi-gittin-kizim-0-3YccVKsM.jpg\"\/><\/figure>\n<\/div>\n<p><b>&#8220;ME\u011eER 4 G\u00dcND\u00dcR BUNA HAZIRLANIYORMU\u015eSUN&#8221;<\/b><\/p>\n<p>S\u0131k s\u0131k k\u00f6pe\u011fi Rodin ile payla\u015f\u0131mlar yapan Nal\u00e7akan, ac\u0131 haberi \u015fu s\u00f6zlerle payla\u015ft\u0131:<\/p>\n<p>&#8220;Me\u011fer 4 g\u00fcnd\u00fcr beni buna haz\u0131rl\u0131yormu\u015fsun\u2026<\/p>\n<p>D\u00fcn gece, yan\u0131ma yatt\u0131n oysa\u2026 01:29 da su i\u00e7meye kalkt\u0131m, salona gitmi\u015fsin. Seslendim, cevap vermedin. Yan\u0131na geldim, kuyru\u011funu sallamad\u0131n\u2026 12 sene \u00f6nce, su gibi geldin, \u015fimdi su gibi gittin k\u0131z\u0131m. Bizi birbirimize emanet edene yolluyorum seni. En sevdi\u011fin a\u011fac\u0131n alt\u0131na, G\u00fcrnar babaannenin kollar\u0131na sakl\u0131yorum. \u00dc\u015f\u00fcmezsin dimi? Kimseyle payla\u015fmad\u0131\u011f\u0131n turuncu battaniyeni \u00f6rtt\u00fcm \u00e7\u00fcnk\u00fc \u00fcst\u00fcne\u2026 Yak\u0131nda kavu\u015furuz k\u0131z\u0131m. Ben gelene kadar, oradaki arkada\u015flar\u0131n\u0131 \u015f\u0131mar\u0131kl\u0131\u011f\u0131nla \u00fczme, Helikopter kuyru\u011funu sevdi\u011fim evlad\u0131m\u2026 Kalan \u00f6mr\u00fcmde seni \u00f6zleyece\u011fim kadar, sen de gitti\u011fin yerde kavu\u015fmam\u0131z\u0131 beklerken baban\u0131 \u00f6zle.&#8221;<\/p>\n<div>\n<figure><img decoding=\"async\" src=\"https:\/\/bihavadis.com\/wp-content\/uploads\/2026\/01\/oyuncu-celil-nalcakanin-aci-gunu-su-gibi-geldin-su-gibi-gittin-kizim-1-QAx3EXvO.jpg\"\/><\/figure>\n<\/div>\n<p><b>&#8220;\u00c7OK \u00c7ARES\u0130Z\u0130M&#8221;<\/b><\/p>\n<p>Evde duramad\u0131\u011f\u0131n\u0131 belirten Nal\u00e7akan, bir ba\u015fka payla\u015f\u0131m\u0131nda dostlar\u0131na da te\u015fekk\u00fcr etti. \u00dcnl\u00fc oyuncu, &#8220;Duramad\u0131m evde. Setteyim k\u0131ymetli ahbaplar\u0131m. Telefonlar\u0131n\u0131z\u0131 a\u00e7am\u0131yorum ama varl\u0131\u011f\u0131n\u0131z\u0131n verdi\u011fi g\u00fcce minnettar\u0131m&#8221; ifadelerini kulland\u0131.<\/p>\n<div>\n<figure><img decoding=\"async\" src=\"https:\/\/bihavadis.com\/wp-content\/uploads\/2026\/01\/oyuncu-celil-nalcakanin-aci-gunu-su-gibi-geldin-su-gibi-gittin-kizim-2-Wa37N2HM.jpg\"\/><\/figure>\n<\/div>\n<p>Nal\u00e7akan ayr\u0131ca, k\u00f6pe\u011fi Rodin ile \u00e7ekilmi\u015f bir foto\u011fraf\u0131n\u0131 payla\u015farak \u00fczerine &#8220;\u00c7ok \u00e7aresizim&#8221; notunu d\u00fc\u015ft\u00fc.<\/p>\n<div>\n<figure><img decoding=\"async\" src=\"https:\/\/bihavadis.com\/wp-content\/uploads\/2026\/01\/oyuncu-celil-nalcakanin-aci-gunu-su-gibi-geldin-su-gibi-gittin-kizim-3-QbAKVKrs.jpg\"\/><\/figure>\n<\/div>\n","protected":false},"excerpt":{"rendered":"<p>Oyuncu Celil Nal\u00e7akan 12 y\u0131ld\u0131r birlikte ya\u015fad\u0131\u011f\u0131 k\u00f6pe\u011fi Rodin&#8217;i kaybetti. &#8220;Me\u011fer 4 g\u00fcnd\u00fcr beni buna haz\u0131rl\u0131yormu\u015fsun\u2026 12 sene \u00f6nce, su gibi geldin, \u015fimdi su gibi gittin k\u0131z\u0131m&#8221; s\u00f6zleriyle Rodin&#8217;e veda eden Nal\u00e7akan, &#8220;\u00c7ok \u00e7aresizim&#8221; dedi.<\/p>\n","protected":false},"author":1,"featured_media":8512,"comment_status":"open","ping_status":"open","sticky":false,"template":"","format":"standard","meta":{"footnotes":""},"categories":[1],"tags":[1962],"class_list":["post-8511","post","type-post","status-publish","format-standard","has-post-thumbnail","hentry","category-uncategorized","tag-nalcakan"],"_links":{"self":[{"href":"https:\/\/bihavadis.com\/index.php\/wp-json\/wp\/v2\/posts\/8511","targetHints":{"allow":["GET"]}}],"collection":[{"href":"https:\/\/bihavadis.com\/index.php\/wp-json\/wp\/v2\/posts"}],"about":[{"href":"https:\/\/bihavadis.com\/index.php\/wp-json\/wp\/v2\/types\/post"}],"author":[{"embeddable":true,"href":"https:\/\/bihavadis.com\/index.php\/wp-json\/wp\/v2\/users\/1"}],"replies":[{"embeddable":true,"href":"https:\/\/bihavadis.com\/index.php\/wp-json\/wp\/v2\/comments?post=8511"}],"version-history":[{"count":1,"href":"https:\/\/bihavadis.com\/index.php\/wp-json\/wp\/v2\/posts\/8511\/revisions"}],"predecessor-version":[{"id":8517,"href":"https:\/\/bihavadis.com\/index.php\/wp-json\/wp\/v2\/posts\/8511\/revisions\/8517"}],"wp:featuredmedia":[{"embeddable":true,"href":"https:\/\/bihavadis.com\/index.php\/wp-json\/wp\/v2\/media\/8512"}],"wp:attachment":[{"href":"https:\/\/bihavadis.com\/index.php\/wp-json\/wp\/v2\/media?parent=8511"}],"wp:term":[{"taxonomy":"category","embeddable":true,"href":"https:\/\/bihavadis.com\/index.php\/wp-json\/wp\/v2\/categories?post=8511"},{"taxonomy":"post_tag","embeddable":true,"href":"https:\/\/bihavadis.com\/index.php\/wp-json\/wp\/v2\/tags?post=8511"}],"curies":[{"name":"wp","href":"https:\/\/api.w.org\/{rel}","templated":true}]}}