{"id":8590,"date":"2026-01-31T20:21:11","date_gmt":"2026-01-31T20:21:11","guid":{"rendered":"https:\/\/bihavadis.com\/?p=8590"},"modified":"2026-01-31T20:21:11","modified_gmt":"2026-01-31T20:21:11","slug":"karsiyakada-saglikli-yasama-spor-destegi","status":"publish","type":"post","link":"https:\/\/bihavadis.com\/index.php\/2026\/01\/31\/karsiyakada-saglikli-yasama-spor-destegi\/","title":{"rendered":"Kar\u015f\u0131yaka&#8217;da sa\u011fl\u0131kl\u0131 ya\u015fama spor deste\u011fi"},"content":{"rendered":"<p><b>Kar\u015f\u0131yaka Belediyesi, y\u0131l boyunca s\u00fcrd\u00fcrd\u00fc\u011f\u00fc \u00fccretsiz sabah sporu etkinlikleriyle her ya\u015ftan vatanda\u015flar\u0131 sa\u011fl\u0131kl\u0131 ve aktif ya\u015fama te\u015fvik ediyor. Uzman e\u011fitmenler e\u015fli\u011finde d\u00fczenlenen aktiviteler, k\u0131\u015f d\u00f6neminde \u00fc\u00e7 ayr\u0131 spor salonunda ger\u00e7ekle\u015ftiriliyor. Sabah sporu bulu\u015fmalar\u0131na t\u00fcm Kar\u015f\u0131yakal\u0131lar\u0131 davet eden Ba\u015fkan Y\u0131ld\u0131z \u00dcnsal \u201cHer ya\u015ftan vatanda\u015flar\u0131m\u0131za nitelikli spor olanaklar\u0131 sunuyor, aktif ya\u015fam\u0131 destekliyoruz\u201d dedi.<\/b><\/p>\n<p>Kar\u015f\u0131yaka Belediyesi, hafta i\u00e7i her g\u00fcn \u00fc\u00e7 ayr\u0131 noktada d\u00fczenledi\u011fi sabah aktiviteleriyle y\u00fczlerce vatanda\u015f\u0131 sporla bulu\u015fturuyor.\u00a0Kar\u015f\u0131yakal\u0131lar\u0131 hareketli ya\u015fama te\u015fvik eden sabah sporlar\u0131; Muharrem Canda\u015f Spor Salonu, 1912 Z\u00fcht\u00fc I\u015f\u0131l Spor Salonu ve Mustafa Kemal Atat\u00fcrk Spor Kompleksi\u2019nde uzman antren\u00f6rler e\u015fli\u011finde yap\u0131l\u0131yor. Yoga, pilates, t\u00fcm v\u00fccut egzersizleri ve sabah sporu gibi farkl\u0131 i\u00e7eriklerle d\u00fczenlenen \u00e7al\u0131\u015fmalara yo\u011fun kat\u0131l\u0131m sa\u011flan\u0131yor. \u201cSpor kenti Kar\u015f\u0131yaka\u201d hedefi do\u011frultusunda planlanan aktivitelerle hem fiziksel sa\u011fl\u0131\u011f\u0131n desteklenmesi hem de sosyal etkile\u015fimin art\u0131r\u0131lmas\u0131 ama\u00e7lan\u0131yor. Mevsim ko\u015fullar\u0131na g\u00f6re planlanan programlar sayesinde Kar\u015f\u0131yakal\u0131lar, y\u0131l\u0131n her d\u00f6neminde spor yapma olana\u011f\u0131 buluyor.<\/p>\n<p><b>BA\u015eKAN \u00dcNSAL\u2019DAN DAVET<\/b><\/p>\n<p>Kar\u015f\u0131yaka Belediye Ba\u015fkan\u0131 Y\u0131ld\u0131z \u00dcnsal \u201cKar\u015f\u0131yaka\u2019da her ya\u015ftan vatanda\u015f\u0131m\u0131z\u0131n sa\u011fl\u0131kl\u0131, aktif ve sosyal bir ya\u015fam s\u00fcrmesini \u00f6nemsiyoruz. Bu do\u011frultuda, nitelikli ve \u00fccretsiz spor olanaklar\u0131n\u0131 y\u0131l\u0131n her d\u00f6neminde halk\u0131m\u0131zla bulu\u015fturuyor, aktif ya\u015fam k\u00fclt\u00fcr\u00fcn\u00fc yayg\u0131nla\u015ft\u0131r\u0131yoruz. T\u00fcm Kar\u015f\u0131yakal\u0131 kom\u015fular\u0131m\u0131, spor salonlar\u0131m\u0131zda birlikte hareket etmeye ve sa\u011fl\u0131kl\u0131 ya\u015fam\u0131n bir par\u00e7as\u0131 olmaya davet ediyorum\u201d diye konu\u015ftu.<\/p>\n<p>\u00a0<\/p>\n<p>Kaynak: (BYZHA) Beyaz Haber Ajans\u0131<\/p>\n","protected":false},"excerpt":{"rendered":"<p>Kar\u015f\u0131yaka Belediyesi, y\u0131l boyunca s\u00fcrd\u00fcrd\u00fc\u011f\u00fc \u00fccretsiz sabah sporu etkinlikleriyle her ya\u015ftan vatanda\u015flar\u0131 sa\u011fl\u0131kl\u0131 ve aktif ya\u015fama te\u015fvik ediyor.<\/p>\n","protected":false},"author":1,"featured_media":8591,"comment_status":"open","ping_status":"open","sticky":false,"template":"","format":"standard","meta":{"footnotes":""},"categories":[14],"tags":[1066,1982,440,569],"class_list":["post-8590","post","type-post","status-publish","format-standard","has-post-thumbnail","hentry","category-spor","tag-karsiyaka","tag-sabah","tag-spor","tag-yasam"],"_links":{"self":[{"href":"https:\/\/bihavadis.com\/index.php\/wp-json\/wp\/v2\/posts\/8590","targetHints":{"allow":["GET"]}}],"collection":[{"href":"https:\/\/bihavadis.com\/index.php\/wp-json\/wp\/v2\/posts"}],"about":[{"href":"https:\/\/bihavadis.com\/index.php\/wp-json\/wp\/v2\/types\/post"}],"author":[{"embeddable":true,"href":"https:\/\/bihavadis.com\/index.php\/wp-json\/wp\/v2\/users\/1"}],"replies":[{"embeddable":true,"href":"https:\/\/bihavadis.com\/index.php\/wp-json\/wp\/v2\/comments?post=8590"}],"version-history":[{"count":1,"href":"https:\/\/bihavadis.com\/index.php\/wp-json\/wp\/v2\/posts\/8590\/revisions"}],"predecessor-version":[{"id":8592,"href":"https:\/\/bihavadis.com\/index.php\/wp-json\/wp\/v2\/posts\/8590\/revisions\/8592"}],"wp:featuredmedia":[{"embeddable":true,"href":"https:\/\/bihavadis.com\/index.php\/wp-json\/wp\/v2\/media\/8591"}],"wp:attachment":[{"href":"https:\/\/bihavadis.com\/index.php\/wp-json\/wp\/v2\/media?parent=8590"}],"wp:term":[{"taxonomy":"category","embeddable":true,"href":"https:\/\/bihavadis.com\/index.php\/wp-json\/wp\/v2\/categories?post=8590"},{"taxonomy":"post_tag","embeddable":true,"href":"https:\/\/bihavadis.com\/index.php\/wp-json\/wp\/v2\/tags?post=8590"}],"curies":[{"name":"wp","href":"https:\/\/api.w.org\/{rel}","templated":true}]}}