{"id":8593,"date":"2026-01-31T20:24:08","date_gmt":"2026-01-31T20:24:08","guid":{"rendered":"https:\/\/bihavadis.com\/?p=8593"},"modified":"2026-01-31T20:24:08","modified_gmt":"2026-01-31T20:24:08","slug":"bursada-motor-arizasi-veren-otomobil-alev-alev-yandi","status":"publish","type":"post","link":"https:\/\/bihavadis.com\/index.php\/2026\/01\/31\/bursada-motor-arizasi-veren-otomobil-alev-alev-yandi\/","title":{"rendered":"Bursa&#8217;da motor ar\u0131zas\u0131 veren otomobil alev alev yand\u0131"},"content":{"rendered":"<p>Bursa&#8217;da saat 09.00 s\u0131ralar\u0131nda Mudanya Yolu \u00fczerinde, Mudanya istikametinden Bursa y\u00f6n\u00fcne seyir halinde olan bir otomobilde motor ar\u0131zas\u0131 meydana geldi.<\/p>\n<p>S\u00fcr\u00fcc\u00fcn\u00fcn ar\u0131za nedeniyle otomobili sa\u011fa \u00e7ekip durdurmas\u0131n\u0131n ard\u0131ndan otomobil k\u0131sa s\u00fcrede alevlere teslim oldu.<\/p>\n<p><strong>ALEV ALEV YANDI<\/strong><\/p>\n<p>\u0130hbar \u00fczerine olay yerine Mudanya&#8217;dan sevk edilen B\u00fcy\u00fck\u015fehir Belediyesi itfaiye ekipleri yang\u0131na m\u00fcdahale ederek alevleri kontrol alt\u0131na ald\u0131.<\/p>\n<p>Olayda can kayb\u0131 veya yaralanma ya\u015fanmazken, yang\u0131n sonucu otomobil kullan\u0131lamaz hale geldi.<\/p>\n<p><img decoding=\"async\" src=\"https:\/\/bihavadis.com\/wp-content\/uploads\/2026\/01\/bursada-motor-arizasi-veren-otomobil-alev-alev-yandi-0-kD8cCxat.jpg\"\/><\/p>\n<p><img decoding=\"async\" src=\"https:\/\/bihavadis.com\/wp-content\/uploads\/2026\/01\/bursada-motor-arizasi-veren-otomobil-alev-alev-yandi-1-wxsckru5.jpg\"\/><\/p>\n<p><img decoding=\"async\" src=\"https:\/\/bihavadis.com\/wp-content\/uploads\/2026\/01\/bursada-motor-arizasi-veren-otomobil-alev-alev-yandi-2-AZFnwUTT.jpg\"\/><\/p>\n<p><img decoding=\"async\" src=\"https:\/\/bihavadis.com\/wp-content\/uploads\/2026\/01\/bursada-motor-arizasi-veren-otomobil-alev-alev-yandi-3-dqPJcV4V.jpg\"\/><\/p>\n","protected":false},"excerpt":{"rendered":"<p>Mudanya Yolu&#8217;nda motor ar\u0131zas\u0131 nedeniyle duran otomobil, k\u0131sa s\u00fcrede alevlere teslim oldu. Olayda can kayb\u0131 veya yaralanma ya\u015fanmazken, yang\u0131n sonucu otomobil kullan\u0131lamaz hale geldi.<\/p>\n","protected":false},"author":1,"featured_media":8594,"comment_status":"open","ping_status":"open","sticky":false,"template":"","format":"standard","meta":{"footnotes":""},"categories":[4,13],"tags":[],"class_list":["post-8593","post","type-post","status-publish","format-standard","has-post-thumbnail","hentry","category-gundem","category-son-dakika"],"_links":{"self":[{"href":"https:\/\/bihavadis.com\/index.php\/wp-json\/wp\/v2\/posts\/8593","targetHints":{"allow":["GET"]}}],"collection":[{"href":"https:\/\/bihavadis.com\/index.php\/wp-json\/wp\/v2\/posts"}],"about":[{"href":"https:\/\/bihavadis.com\/index.php\/wp-json\/wp\/v2\/types\/post"}],"author":[{"embeddable":true,"href":"https:\/\/bihavadis.com\/index.php\/wp-json\/wp\/v2\/users\/1"}],"replies":[{"embeddable":true,"href":"https:\/\/bihavadis.com\/index.php\/wp-json\/wp\/v2\/comments?post=8593"}],"version-history":[{"count":1,"href":"https:\/\/bihavadis.com\/index.php\/wp-json\/wp\/v2\/posts\/8593\/revisions"}],"predecessor-version":[{"id":8599,"href":"https:\/\/bihavadis.com\/index.php\/wp-json\/wp\/v2\/posts\/8593\/revisions\/8599"}],"wp:featuredmedia":[{"embeddable":true,"href":"https:\/\/bihavadis.com\/index.php\/wp-json\/wp\/v2\/media\/8594"}],"wp:attachment":[{"href":"https:\/\/bihavadis.com\/index.php\/wp-json\/wp\/v2\/media?parent=8593"}],"wp:term":[{"taxonomy":"category","embeddable":true,"href":"https:\/\/bihavadis.com\/index.php\/wp-json\/wp\/v2\/categories?post=8593"},{"taxonomy":"post_tag","embeddable":true,"href":"https:\/\/bihavadis.com\/index.php\/wp-json\/wp\/v2\/tags?post=8593"}],"curies":[{"name":"wp","href":"https:\/\/api.w.org\/{rel}","templated":true}]}}