{"id":8600,"date":"2026-01-31T20:27:07","date_gmt":"2026-01-31T20:27:07","guid":{"rendered":"https:\/\/bihavadis.com\/?p=8600"},"modified":"2026-01-31T20:27:07","modified_gmt":"2026-01-31T20:27:07","slug":"cingi-gazzedeki-insani-felaketi-gundeme-getirdi","status":"publish","type":"post","link":"https:\/\/bihavadis.com\/index.php\/2026\/01\/31\/cingi-gazzedeki-insani-felaketi-gundeme-getirdi\/","title":{"rendered":"C\u0131ng\u0131, Gazze&#8217;deki \u0130nsani Felaketi G\u00fcndeme Getirdi"},"content":{"rendered":"<p> AK Parti Kayseri Milletvekili ve Avrupa Konseyi Parlamenter Meclisi \u00dcyesi Dr. Murat Cahid C\u0131ng\u0131, Strazburg&#8217;da d\u00fczenlenen Avrupa Konseyi toplant\u0131s\u0131nda Gazze&#8217;de ya\u015fanan insanl\u0131k dram\u0131n\u0131 g\u00fcndeme ta\u015f\u0131yarak konsey \u00fcyelerine kapsaml\u0131 bir bilgilendirme sundu ve uluslararas\u0131 toplumu harekete ge\u00e7meye davet etti.<\/p>\n<p>Milletvekili C\u0131ng\u0131, 7 Ekim&#8217;den bu yana Gazze&#8217;de ya\u015fanan sald\u0131r\u0131lar\u0131n b\u00fcy\u00fck bir insani felakete d\u00f6n\u00fc\u015ft\u00fc\u011f\u00fcn\u00fc vurgulayarak, b\u00fcy\u00fck k\u0131sm\u0131 kad\u0131n ve \u00e7ocuklar olmak \u00fczere 71 bini a\u015fk\u0131n sivilin hayat\u0131n\u0131 kaybetti\u011fini, y\u00fczlerce gazeteci, sa\u011fl\u0131k \u00e7al\u0131\u015fan\u0131 ve insani yard\u0131m g\u00f6revlisinin hedef al\u0131nd\u0131\u011f\u0131n\u0131 ifade etti. Ate\u015fkes ilan edilmesine ra\u011fmen \u0130srail&#8217;in sald\u0131r\u0131lar\u0131n\u0131 ve ihlallerini s\u00fcrd\u00fcrd\u00fc\u011f\u00fcn\u00fc belirten C\u0131ng\u0131, ate\u015fkesin yakla\u015f\u0131k bin 200 kez ihlal edildi\u011fini ve y\u00fczlerce sivilin ya\u015fam\u0131n\u0131 yitirdi\u011fini dile getirdi.<\/p>\n<p>Gazze&#8217;de \u015fehirlerin tamamen y\u0131k\u0131ld\u0131\u011f\u0131n\u0131, milyonlarca insan\u0131n evsiz b\u0131rak\u0131ld\u0131\u011f\u0131n\u0131 ve temel insani ihtiya\u00e7lardan bilin\u00e7li \u015fekilde mahrum edildi\u011fini kaydeden C\u0131ng\u0131 a\u00e7l\u0131k, ila\u00e7s\u0131zl\u0131k ve bar\u0131nma yetersizli\u011fi nedeniyle sivillerin hayat\u0131n\u0131 kaybetti\u011fine dikkat \u00e7ekmi\u015ftir. \u0130srail&#8217;in insani yard\u0131m giri\u015flerini engellemesi nedeniyle yard\u0131m konvoylar\u0131n\u0131n durduruldu\u011funu ve insani yard\u0131mlar\u0131n ihtiya\u00e7 sahiplerine ula\u015ft\u0131r\u0131lamad\u0131\u011f\u0131n\u0131 vurgulad\u0131.<\/p>\n<p>Bildirisinde Bat\u0131 \u015eeria ve Gazze&#8217;de yasa d\u0131\u015f\u0131 yerle\u015fimlerin geni\u015fletilmesine, yerle\u015fimci \u015fiddetine ve Filistinlilerin zorla yerinden edilmesine de de\u011finen C\u0131ng\u0131, yerinden edilen Filistinlilerin say\u0131s\u0131n\u0131n 2 milyonu a\u015ft\u0131\u011f\u0131n\u0131 belirterek, ayr\u0131ca \u0130srail&#8217;in Kud\u00fcs&#8217;te bir Birle\u015fmi\u015f Milletler tesisini y\u0131kmas\u0131n\u0131n, Cenevre S\u00f6zle\u015fmeleri ve Birle\u015fmi\u015f Milletler \u015eart\u0131&#8217;n\u0131n a\u00e7\u0131k bir ihlali oldu\u011funu ifade etti.<\/p>\n<p>Ya\u015fananlar\u0131n s\u0131radan bir \u00e7at\u0131\u015fma sonucu olarak g\u00f6r\u00fclemeyece\u011fini vurgulayan C\u0131ng\u0131, bunun a\u00e7\u0131k bir insanl\u0131k su\u00e7u oldu\u011funu belirterek; ate\u015fkes sonras\u0131 d\u00f6nemde hesap verebilirli\u011fin sa\u011flanmas\u0131, sivillerin korunmas\u0131 ve uluslararas\u0131 hukuka sayg\u0131n\u0131n tesis edilmesinin zorunlu oldu\u011funu ifade etti. Bu kapsamda Gazze Bar\u0131\u015f Plan\u0131&#8217;n\u0131n ikinci a\u015famas\u0131n\u0131n eksiksiz hayata ge\u00e7irilmesi ve sivillerin korunmas\u0131 amac\u0131yla ge\u00e7ici bir Uluslararas\u0131 \u0130stikrar G\u00fcc\u00fc&#8217;n\u00fcn konu\u015fland\u0131r\u0131lmas\u0131 \u00e7a\u011fr\u0131s\u0131nda bulundu.<\/p>\n<p>Milletvekili C\u0131ng\u0131, T\u00fcrkiye&#8217;nin Filistin halk\u0131n\u0131n haklar\u0131n\u0131 savunmaya ve uluslararas\u0131 hukuk temelinde iki devletli \u00e7\u00f6z\u00fcm vizyonunu kararl\u0131l\u0131kla desteklemeye devam edece\u011fini bir kez daha d\u00fcnyaya duyurdu. &#8211; KAYSER\u0130<\/p>\n","protected":false},"excerpt":{"rendered":"<p>AK Parti Milletvekili C\u0131ng\u0131, Gazze&#8217;deki durumu Avrupa Konseyi toplant\u0131s\u0131nda ele ald\u0131.<\/p>\n","protected":false},"author":1,"featured_media":8601,"comment_status":"open","ping_status":"open","sticky":false,"template":"","format":"standard","meta":{"footnotes":""},"categories":[12],"tags":[1983,557,1984],"class_list":["post-8600","post","type-post","status-publish","format-standard","has-post-thumbnail","hentry","category-siyaset","tag-cingi","tag-gazze","tag-insani"],"_links":{"self":[{"href":"https:\/\/bihavadis.com\/index.php\/wp-json\/wp\/v2\/posts\/8600","targetHints":{"allow":["GET"]}}],"collection":[{"href":"https:\/\/bihavadis.com\/index.php\/wp-json\/wp\/v2\/posts"}],"about":[{"href":"https:\/\/bihavadis.com\/index.php\/wp-json\/wp\/v2\/types\/post"}],"author":[{"embeddable":true,"href":"https:\/\/bihavadis.com\/index.php\/wp-json\/wp\/v2\/users\/1"}],"replies":[{"embeddable":true,"href":"https:\/\/bihavadis.com\/index.php\/wp-json\/wp\/v2\/comments?post=8600"}],"version-history":[{"count":1,"href":"https:\/\/bihavadis.com\/index.php\/wp-json\/wp\/v2\/posts\/8600\/revisions"}],"predecessor-version":[{"id":8602,"href":"https:\/\/bihavadis.com\/index.php\/wp-json\/wp\/v2\/posts\/8600\/revisions\/8602"}],"wp:featuredmedia":[{"embeddable":true,"href":"https:\/\/bihavadis.com\/index.php\/wp-json\/wp\/v2\/media\/8601"}],"wp:attachment":[{"href":"https:\/\/bihavadis.com\/index.php\/wp-json\/wp\/v2\/media?parent=8600"}],"wp:term":[{"taxonomy":"category","embeddable":true,"href":"https:\/\/bihavadis.com\/index.php\/wp-json\/wp\/v2\/categories?post=8600"},{"taxonomy":"post_tag","embeddable":true,"href":"https:\/\/bihavadis.com\/index.php\/wp-json\/wp\/v2\/tags?post=8600"}],"curies":[{"name":"wp","href":"https:\/\/api.w.org\/{rel}","templated":true}]}}