{"id":8603,"date":"2026-01-31T20:30:07","date_gmt":"2026-01-31T20:30:07","guid":{"rendered":"https:\/\/bihavadis.com\/?p=8603"},"modified":"2026-01-31T20:30:07","modified_gmt":"2026-01-31T20:30:07","slug":"2026-uec-pist-bisikleti-sampiyonasi-yarin-baslayacak","status":"publish","type":"post","link":"https:\/\/bihavadis.com\/index.php\/2026\/01\/31\/2026-uec-pist-bisikleti-sampiyonasi-yarin-baslayacak\/","title":{"rendered":"2026 UEC Pist Bisikleti \u015eampiyonas\u0131 Yar\u0131n Ba\u015flayacak"},"content":{"rendered":"<p><strong>\u015eampiyona s\u00fcresince Konyal\u0131 sporseverlerin Konya Olimpik Velodromu\u2019na ula\u015f\u0131m\u0131n\u0131 kolayla\u015ft\u0131rmak amac\u0131yla 1-5 \u015eubat tarihleri aras\u0131nda Meram son durak ile Velodrom aras\u0131nda 10.00\u201322.00 saatleri aras\u0131nda her saat ba\u015f\u0131 ring seferleri d\u00fczenlenecek. Organizasyon boyunca izleyiciler i\u00e7in bisiklet \u00e7ekili\u015fi ger\u00e7ekle\u015ftirilecek. 2026 UEC Avrupa Pist Bisikleti \u015eampiyonas\u0131, ulusal, yerel ve uluslararas\u0131 medya kurulu\u015flar\u0131ndan yo\u011fun ilgi g\u00f6r\u00fcyor. Organizasyonu yerinde izleyecek medya mensuplar\u0131n\u0131n yan\u0131 s\u0131ra, Avrupa ba\u015fta olmak \u00fczere 40\u2019tan fazla \u00fclkede canl\u0131 yay\u0131nlar arac\u0131l\u0131\u011f\u0131yla yakla\u015f\u0131k 230 milyon haneye ula\u015fmas\u0131 bekleniyor.<\/strong><\/p>\n<p>T\u00fcrkiye\u2019nin ilk olimpik velodromu olan Konya Olimpik Velodromu, 1\u20135 \u015eubat tarihleri aras\u0131nda d\u00fczenlenecek 2026 UEC Avrupa Pist Bisikleti \u015eampiyonas\u0131\u2019na ev sahipli\u011fi yapmaya haz\u0131rlan\u0131yor. Organizasyonda 30 \u00fclkeden 134 kad\u0131n ve 181 erkek olmak \u00fczere toplam 315 elit sporcu m\u00fccadele edecek. Avrupa Bisiklet Birli\u011fi (UEC) ile T\u00fcrkiye Bisiklet Federasyonu organizasyonunda; T.C. Gen\u00e7lik ve Spor Bakanl\u0131\u011f\u0131 koordinasyonunda, Konya Valili\u011fi ve Konya B\u00fcy\u00fck\u015fehir Belediyesi\u2019nin destekleriyle, T\u00fcrk Telekom ana sponsorlu\u011funda d\u00fczenlenecek \u015fampiyona, be\u015f g\u00fcn boyunca Avrupa\u2019n\u0131n en \u00fcst d\u00fczey pist bisikleti sporcular\u0131n\u0131 Konya\u2019da bulu\u015fturacak.<\/p>\n<p>Ge\u00e7ti\u011fimiz y\u0131l UCI Pist Bisikleti Uluslar Kupas\u0131\u2019na ev sahipli\u011fi yapan ve sporculardan tam not alan Konya Olimpik Velodromu, modern altyap\u0131s\u0131 ve teknik standartlar\u0131yla Avrupa Pist Bisikleti \u015eampiyonas\u0131 i\u00e7in de \u00fcst d\u00fczey yar\u0131\u015f ko\u015fullar\u0131 sunacak<\/p>\n<p><strong>Olimpiyat ve d\u00fcnya \u015fampiyonlar\u0131 Konya\u2019da<\/strong><\/p>\n<p>\u015eampiyonada kad\u0131nlar ve erkekler elit kategorilerinde tak\u0131m takip, tak\u0131m sprint, eleme yar\u0131\u015f\u0131, sprint, keirin, madison ve omnium disiplinlerinde yar\u0131\u015flar d\u00fczenlenecek. Organizasyonda; B\u00fcy\u00fck Britanya\u2019dan olimpiyat \u015fampiyonu Katie Archibald, Hollanda\u2019dan sprint disiplininin efsane ismi Harrie Lavreysen, Fransa\u2019dan Paris 2024 Olimpiyatlar\u0131 Omnium \u015fampiyonu Benjamin Thomas, \u0130talya\u2019dan Elisa Balsamo ve Simone Consonni gibi \u00e7ok say\u0131da olimpiyat ve d\u00fcnya \u015fampiyonu sporcu piste \u00e7\u0131kacak.<\/p>\n<p><strong>Milli Tak\u0131m da m\u00fccadele edecek<\/strong><\/p>\n<p>2026 UEC Avrupa Pist Bisikleti \u015eampiyonas\u0131\u2019nda T\u00fcrk Pist Bisikleti Milli Tak\u0131m\u0131, kad\u0131nlar ve erkekler elit kategorilerinde bir\u00e7ok bran\u015fta madalya m\u00fccadelesi verecek.<\/p>\n<p><strong>UEC Ba\u015fkan\u0131 Enrico Della Casa: \u201cTeknik a\u00e7\u0131dan son derece \u00fcst d\u00fczey bir organizasyon\u201d<\/strong><\/p>\n<p>Avrupa Bisiklet Birli\u011fi (UEC) Ba\u015fkan\u0131 Enrico Della Casa, Konya\u2019da d\u00fczenlenecek \u015fampiyonaya ili\u015fkin de\u011ferlendirmesinde, \u201cKonya\u2019da d\u00fczenlenecek Elit Avrupa Pist Bisikleti \u015eampiyonas\u0131, \u00e7ok say\u0131da olimpiyat ve d\u00fcnya \u015fampiyonunu bir araya getiren, teknik a\u00e7\u0131dan son derece \u00fcst d\u00fczey bir organizasyon olacak. Los Angeles 2028 Olimpiyat Oyunlar\u0131\u2019na iki y\u0131l kala ger\u00e7ekle\u015ftirilecek bu \u015fampiyonan\u0131n, Avrupa ve d\u00fcnya genelinde b\u00fcy\u00fck ilgiyle takip edilece\u011fine inan\u0131yoruz\u201d dedi.<\/p>\n<p>Della Casa, T\u00fcrkiye\u2019nin organizasyon deneyimine de vurgu yaparak, \u201cT\u00fcrkiye\u2019nin \u00fcst d\u00fczey organizasyon tecr\u00fcbesi ve Konya Velodromu\u2019nda bug\u00fcne kadar sergilenen performanslar, bu \u015fampiyonan\u0131n kalitesini ortaya koyuyor. Bu \u00f6nemli organizasyonun hayata ge\u00e7irilmesindeki katk\u0131lar\u0131 i\u00e7in T\u00fcrkiye Bisiklet Federasyonu\u2019na ve Federasyon Ba\u015fkan\u0131 Say\u0131n Emin M\u00fcft\u00fco\u011flu\u2019na, T.C. Gen\u00e7lik ve Spor Bakanl\u0131\u011f\u0131\u2019na, Konya Valili\u011fi\u2019ne ve Konya B\u00fcy\u00fck\u015fehir Belediyesi\u2019ne te\u015fekk\u00fcr ediyorum\u201d ifadelerini kulland\u0131.<\/p>\n<p><strong>M\u00fcft\u00fco\u011flu: \u201cKonyal\u0131lar\u0131 bu b\u00fcy\u00fck heyecana ortak olmaya davet ediyoruz\u201d<\/strong><\/p>\n<p>T\u00fcrkiye Bisiklet Federasyonu Ba\u015fkan\u0131 Emin M\u00fcft\u00fco\u011flu ise organizasyona ili\u015fkin yapt\u0131\u011f\u0131 a\u00e7\u0131klamada, \u201cKonya Olimpik Velodromu\u2019nda Avrupa\u2019n\u0131n en prestijli pist bisikleti organizasyonlar\u0131ndan birine ev sahipli\u011fi yapmaktan b\u00fcy\u00fck gurur duyuyoruz. Avrupa\u2019n\u0131n ve d\u00fcnyan\u0131n en h\u0131zl\u0131 bisiklet\u00e7ilerini Konya\u2019da \u0130zlemek i\u00e7in t\u00fcm Konyal\u0131 sporseverleri bu b\u00fcy\u00fck heyecana ortak olmaya davet ediyoruz\u201d dedi.<\/p>\n<p><strong>Ula\u015f\u0131m, seyirci d\u00fczenlemeleri ve medya ilgisi<\/strong><\/p>\n<p>\u015eampiyona s\u00fcresince Konyal\u0131 sporseverlerin Konya Olimpik Velodromu\u2019na ula\u015f\u0131m\u0131n\u0131 kolayla\u015ft\u0131rmak amac\u0131yla Meram Son Durak ile velodrom aras\u0131nda 10.00\u201322.00 saatleri aras\u0131nda her saat ba\u015f\u0131 ring seferleri d\u00fczenlenecek. Organizasyon boyunca trib\u00fcnleri dolduran izleyiciler i\u00e7in bisiklet \u00e7ekili\u015fi de ger\u00e7ekle\u015ftirilecek.<\/p>\n<p>2026 UEC Avrupa Pist Bisikleti \u015eampiyonas\u0131, ulusal, yerel ve uluslararas\u0131 medya kurulu\u015flar\u0131ndan yo\u011fun ilgi g\u00f6r\u00fcyor. Yerinde izleyecek medya mensuplar\u0131n\u0131n yan\u0131 s\u0131ra organizasyonun, Avrupa ba\u015fta olmak \u00fczere 40\u2019tan fazla \u00fclkede canl\u0131 yay\u0131nlar arac\u0131l\u0131\u011f\u0131yla yakla\u015f\u0131k 230 milyon haneye ula\u015fmas\u0131 bekleniyor.<\/p>\n<p>\u00a0<\/p>\n<p>Kaynak: (BYZHA) Beyaz Haber Ajans\u0131<\/p>\n","protected":false},"excerpt":{"rendered":"<p>\u015eampiyona s\u00fcresince Konyal\u0131 sporseverlerin Konya Olimpik Velodromu\u2019na ula\u015f\u0131m\u0131n\u0131 kolayla\u015ft\u0131rmak amac\u0131yla 1-5 \u015eubat tarihleri aras\u0131nda Meram son durak ile Velodrom aras\u0131nda 10.00\u201322.00 saatleri aras\u0131nda her saat ba\u015f\u0131 ring seferleri d\u00fczenlenecek.<\/p>\n","protected":false},"author":1,"featured_media":8604,"comment_status":"open","ping_status":"open","sticky":false,"template":"","format":"standard","meta":{"footnotes":""},"categories":[14],"tags":[1090,441,426,1985,440],"class_list":["post-8603","post","type-post","status-publish","format-standard","has-post-thumbnail","hentry","category-spor","tag-avrupa","tag-bisiklet","tag-konya","tag-organizasyon","tag-spor"],"_links":{"self":[{"href":"https:\/\/bihavadis.com\/index.php\/wp-json\/wp\/v2\/posts\/8603","targetHints":{"allow":["GET"]}}],"collection":[{"href":"https:\/\/bihavadis.com\/index.php\/wp-json\/wp\/v2\/posts"}],"about":[{"href":"https:\/\/bihavadis.com\/index.php\/wp-json\/wp\/v2\/types\/post"}],"author":[{"embeddable":true,"href":"https:\/\/bihavadis.com\/index.php\/wp-json\/wp\/v2\/users\/1"}],"replies":[{"embeddable":true,"href":"https:\/\/bihavadis.com\/index.php\/wp-json\/wp\/v2\/comments?post=8603"}],"version-history":[{"count":1,"href":"https:\/\/bihavadis.com\/index.php\/wp-json\/wp\/v2\/posts\/8603\/revisions"}],"predecessor-version":[{"id":8605,"href":"https:\/\/bihavadis.com\/index.php\/wp-json\/wp\/v2\/posts\/8603\/revisions\/8605"}],"wp:featuredmedia":[{"embeddable":true,"href":"https:\/\/bihavadis.com\/index.php\/wp-json\/wp\/v2\/media\/8604"}],"wp:attachment":[{"href":"https:\/\/bihavadis.com\/index.php\/wp-json\/wp\/v2\/media?parent=8603"}],"wp:term":[{"taxonomy":"category","embeddable":true,"href":"https:\/\/bihavadis.com\/index.php\/wp-json\/wp\/v2\/categories?post=8603"},{"taxonomy":"post_tag","embeddable":true,"href":"https:\/\/bihavadis.com\/index.php\/wp-json\/wp\/v2\/tags?post=8603"}],"curies":[{"name":"wp","href":"https:\/\/api.w.org\/{rel}","templated":true}]}}