{"id":8641,"date":"2026-01-31T21:09:08","date_gmt":"2026-01-31T21:09:08","guid":{"rendered":"https:\/\/bihavadis.com\/?p=8641"},"modified":"2026-01-31T21:09:08","modified_gmt":"2026-01-31T21:09:08","slug":"fenerbahce-maci-bardagi-tasirdi-baskan-son-duduk-calar-calmaz-3-futbolcuyu-gonderdi","status":"publish","type":"post","link":"https:\/\/bihavadis.com\/index.php\/2026\/01\/31\/fenerbahce-maci-bardagi-tasirdi-baskan-son-duduk-calar-calmaz-3-futbolcuyu-gonderdi\/","title":{"rendered":"Fenerbah\u00e7e ma\u00e7\u0131 barda\u011f\u0131 ta\u015f\u0131rd\u0131: Ba\u015fkan son d\u00fcd\u00fck \u00e7alar \u00e7almaz 3 futbolcuyu g\u00f6nderdi"},"content":{"rendered":"<p>UEFA Avrupa Ligi&#8217;nin 8. haftas\u0131nda Fenerbah\u00e7e ile sahas\u0131nda 1-1 berabere kalan FCSB&#8217;de ma\u00e7\u0131n ard\u0131ndan kriz patlak verdi.<\/p>\n<p>Al\u0131nan sonucun ard\u0131ndan Rumen ekibinin sahibi Gigi Becali, radikal kararlar ald\u0131\u011f\u0131n\u0131 a\u00e7\u0131klad\u0131.<\/p>\n<p>Bu sonu\u00e7la Fenerbah\u00e7e puan\u0131n\u0131 12&#8217;ye y\u00fckselterek lig a\u015famas\u0131n\u0131 19. s\u0131rada tamamlarken, 7 puanda kalan FCSB 27. s\u0131rada yer ald\u0131 ve ilk 24 d\u0131\u015f\u0131nda kalarak Avrupa&#8217;ya veda etti.<\/p>\n<p><strong>FENERBAH\u00c7E&#8217;Y\u0130 YENEMEY\u0130NCE BA\u015eKAN \u00c7ILDIRDI<\/strong><\/p>\n<p>Kar\u015f\u0131la\u015fman\u0131n biti\u015f d\u00fcd\u00fc\u011f\u00fcn\u00fcn ard\u0131ndan Digi Sport&#8217;a konu\u015fan Gigi Becali, baz\u0131 oyuncular\u0131n performans\u0131ndan duydu\u011fu rahats\u0131zl\u0131\u011f\u0131 a\u00e7\u0131k s\u00f6zlerle dile getirdi.<\/p>\n<p>Rumen ba\u015fkan, kanat oyuncular\u0131 Dennis Politic ve Octavian George Popescu ile santrfor Denis Alibec ile yollar\u0131n ayr\u0131laca\u011f\u0131n\u0131 duyurdu.<\/p>\n<p><img decoding=\"async\" src=\"https:\/\/bihavadis.com\/wp-content\/uploads\/2026\/01\/fenerbahce-maci-bardagi-tasirdi-baskan-son-duduk-calar-calmaz-3-futbolcuyu-gonderdi-0-phXjn8NG.jpg\"\/><\/p>\n<p><strong>A\u00c7IK A\u00c7IK \u0130S\u0130M VERD\u0130: ONLARDAN VAZGE\u00c7\u0130YORUM<\/strong><\/p>\n<p>Becali, <b><em>&#8220;Bana hi\u00e7 yard\u0131mc\u0131 olmayan oyuncular\u0131 tutamayaca\u011f\u0131m\u0131 anlad\u0131m. Politic&#8217;i \u00e7\u00f6z\u00fcm olarak g\u00f6rm\u00fcyorsam ne yapmal\u0131y\u0131m? Popescu&#8217;yu g\u00f6r\u00fcyorsam ne yapmal\u0131y\u0131m? Alibec&#8217;ten tamamen vazge\u00e7iyorum.&#8221;<\/em><\/b> ifadelerini kulland\u0131.<\/p>\n<p><img decoding=\"async\" src=\"https:\/\/bihavadis.com\/wp-content\/uploads\/2026\/01\/fenerbahce-maci-bardagi-tasirdi-baskan-son-duduk-calar-calmaz-3-futbolcuyu-gonderdi-1-euK9ePF1.jpg\"\/><\/p>\n<p><strong>TRANSFER DETAYLARI ORTAYA \u00c7IKTI<\/strong><\/p>\n<p>67 ya\u015f\u0131ndaki futbol adam\u0131, Dennis Politic&#8217;e Yunanistan&#8217;dan talipler oldu\u011funu belirtirken, Denis Alibec&#8217;in ise Gheorghe Hagi&#8217;nin \u00e7al\u0131\u015ft\u0131rd\u0131\u011f\u0131 Farul Constanta&#8217;ya transfer olaca\u011f\u0131n\u0131 a\u00e7\u0131klad\u0131.<\/p>\n<p>Becali ayr\u0131ca, tak\u0131m\u0131 g\u00fc\u00e7lendirmek ad\u0131na iki yeni transfer yapacaklar\u0131n\u0131 da s\u00f6zlerine ekledi.<\/p>\n<p>Fenerbah\u00e7e kar\u015f\u0131s\u0131nda Politic ve Popescu sahada yer al\u0131rken, Denis Alibec ise kar\u015f\u0131la\u015fman\u0131n kadrosunda bulunmam\u0131\u015ft\u0131.<\/p>\n<p><img decoding=\"async\" src=\"https:\/\/bihavadis.com\/wp-content\/uploads\/2026\/01\/fenerbahce-maci-bardagi-tasirdi-baskan-son-duduk-calar-calmaz-3-futbolcuyu-gonderdi-2-FIPK6W5S.jpg\"\/><\/p>\n","protected":false},"excerpt":{"rendered":"<p>Fenerbah\u00e7e ile 1-1 berabere kalarak UEFA Avrupa Ligi&#8217;ne veda eden FCSB&#8217;de, kar\u015f\u0131la\u015fman\u0131n ard\u0131ndan kul\u00fcp sahibi Gigi Becali&#8217;den fla\u015f bir karar geldi. Becali, son d\u00fcd\u00fck \u00e7alar \u00e7almaz yapt\u0131\u011f\u0131 a\u00e7\u0131klamada 3 futbolcuyu tak\u0131mdan g\u00f6nderece\u011fini duuyrdu.<\/p>\n","protected":false},"author":1,"featured_media":8642,"comment_status":"open","ping_status":"open","sticky":false,"template":"","format":"standard","meta":{"footnotes":""},"categories":[14],"tags":[],"class_list":["post-8641","post","type-post","status-publish","format-standard","has-post-thumbnail","hentry","category-spor"],"_links":{"self":[{"href":"https:\/\/bihavadis.com\/index.php\/wp-json\/wp\/v2\/posts\/8641","targetHints":{"allow":["GET"]}}],"collection":[{"href":"https:\/\/bihavadis.com\/index.php\/wp-json\/wp\/v2\/posts"}],"about":[{"href":"https:\/\/bihavadis.com\/index.php\/wp-json\/wp\/v2\/types\/post"}],"author":[{"embeddable":true,"href":"https:\/\/bihavadis.com\/index.php\/wp-json\/wp\/v2\/users\/1"}],"replies":[{"embeddable":true,"href":"https:\/\/bihavadis.com\/index.php\/wp-json\/wp\/v2\/comments?post=8641"}],"version-history":[{"count":1,"href":"https:\/\/bihavadis.com\/index.php\/wp-json\/wp\/v2\/posts\/8641\/revisions"}],"predecessor-version":[{"id":8646,"href":"https:\/\/bihavadis.com\/index.php\/wp-json\/wp\/v2\/posts\/8641\/revisions\/8646"}],"wp:featuredmedia":[{"embeddable":true,"href":"https:\/\/bihavadis.com\/index.php\/wp-json\/wp\/v2\/media\/8642"}],"wp:attachment":[{"href":"https:\/\/bihavadis.com\/index.php\/wp-json\/wp\/v2\/media?parent=8641"}],"wp:term":[{"taxonomy":"category","embeddable":true,"href":"https:\/\/bihavadis.com\/index.php\/wp-json\/wp\/v2\/categories?post=8641"},{"taxonomy":"post_tag","embeddable":true,"href":"https:\/\/bihavadis.com\/index.php\/wp-json\/wp\/v2\/tags?post=8641"}],"curies":[{"name":"wp","href":"https:\/\/api.w.org\/{rel}","templated":true}]}}