{"id":8661,"date":"2026-01-31T21:24:06","date_gmt":"2026-01-31T21:24:06","guid":{"rendered":"https:\/\/bihavadis.com\/?p=8661"},"modified":"2026-01-31T21:24:06","modified_gmt":"2026-01-31T21:24:06","slug":"yargitay-deprem-temasiyla-ceza-ve-hukuk-calistaylari-duzenleyecek","status":"publish","type":"post","link":"https:\/\/bihavadis.com\/index.php\/2026\/01\/31\/yargitay-deprem-temasiyla-ceza-ve-hukuk-calistaylari-duzenleyecek\/","title":{"rendered":"Yarg\u0131tay, &#8220;deprem&#8221; temas\u0131yla ceza ve hukuk \u00e7al\u0131\u015ftaylar\u0131 d\u00fczenleyecek"},"content":{"rendered":"<p> Yarg\u0131tay Ba\u015fkanl\u0131\u011f\u0131 Koordinesinde, B\u00f6lge Adliye Mahkemesi kararlar\u0131n\u0131n Yarg\u0131tay i\u00e7tihatlar\u0131na uyumunun g\u00fc\u00e7lendirilmesi amac\u0131yla deprem temal\u0131 Ceza ve Hukuk \u00c7al\u0131\u015ftaylar\u0131, \u015fubat ay\u0131 i\u00e7erisinde \u0130zmir&#8217;de ger\u00e7ekle\u015ftirilecek. \u00c7al\u0131\u015ftaylar\u0131n temel amac\u0131; benzer olaylara benzer kararlar\u0131n verilmesi suretiyle hukuki birli\u011fin sa\u011flanmas\u0131, makul s\u00fcrede yarg\u0131lama ilkesinin g\u00fc\u00e7lendirilmesi ve yarg\u0131 kararlar\u0131n\u0131n do\u011fruluk ve \u00f6ng\u00f6r\u00fclebilirli\u011finin art\u0131r\u0131lmas\u0131d\u0131r.<\/p>\n<p> Deprem gibi toplumun tamam\u0131n\u0131 yak\u0131ndan ilgilendiren ve \u00e7ok boyutlu hukuki sonu\u00e7lar do\u011furan bir alanda, uygulamada birlik ve istikrar\u0131n sa\u011flanmas\u0131 hedeflenmektedir.<\/p>\n<p><b>Bu kapsamda;<\/b><\/p>\n<p>* Hukuk \u00c7al\u0131\u015ftay\u0131 3-8 \u015eubat tarihleri aras\u0131nda, <\/p>\n<p>* Ceza \u00c7al\u0131\u015ftay\u0131 ise 10-15 \u015eubat tarihleri aras\u0131nda \u0130zmir&#8217;de d\u00fczenlenecektir. Deprem sonras\u0131 ortaya \u00e7\u0131kan uyu\u015fmazl\u0131klar\u0131n hem hukuk hem de ceza boyutuyla ele al\u0131naca\u011f\u0131 \u00e7al\u0131\u015ftaylarda; b\u00f6lge adliye mahkemeleri ile Yarg\u0131tay daireleri aras\u0131ndaki i\u00e7tihat uyumunun g\u00fc\u00e7lendirilmesi, uygulamada kar\u015f\u0131la\u015f\u0131lan sorunlar\u0131n de\u011ferlendirilmesi ve \u00e7\u00f6z\u00fcm \u00f6nerilerinin geli\u015ftirilmesi ama\u00e7lanmaktad\u0131r.<\/p>\n<p>Bu kapsamda \u00e7al\u0131\u015ftaylara, deprem b\u00f6lgelerinde g\u00f6rev yapan B\u00f6lge Adliye Mahkemeleri Daire Ba\u015fkanlar\u0131 ve \u00dcyeleri ile A\u011f\u0131r Ceza Mahkemesi Ba\u015fkanlar\u0131 davet edilmi\u015ftir. \u00c7al\u0131\u015ftaylar\u0131n resm\u00ee a\u00e7\u0131l\u0131\u015f\u0131, 4 \u015eubat \u00c7ar\u015famba g\u00fcn\u00fc, Yarg\u0131tay Ba\u015fkan\u0131 Say\u0131n \u00d6mer Kerkez&#8217;in a\u00e7\u0131l\u0131\u015f konu\u015fmas\u0131 ile ger\u00e7ekle\u015ftirilecektir. Yarg\u0131tay Ba\u015fkanl\u0131\u011f\u0131 bu \u00e7al\u0131\u015ftaylar\u0131 d\u00fczenleyerek, b\u00f6lge adliye mahkemelerinin kendi aralar\u0131nda ortak yakla\u015f\u0131m i\u00e7inde olmalar\u0131n\u0131 ve Yarg\u0131tay Ba\u015fkanl\u0131\u011f\u0131 i\u00e7tihatlar\u0131yla uyumlu kararlar vermelerini hedeflemektedir.<\/p>\n","protected":false},"excerpt":{"rendered":"<p>Yarg\u0131tay Ba\u015fkanl\u0131\u011f\u0131 koordinesinde, B\u00f6lge Adliye Mahkemesi kararlar\u0131n\u0131n Yarg\u0131tay i\u00e7tihatlar\u0131na uyumunu g\u00fc\u00e7lendirmek amac\u0131yla \u015eubat ay\u0131nda \u0130zmir&#8217;de deprem temal\u0131 Ceza ve Hukuk \u00c7al\u0131\u015ftaylar\u0131 d\u00fczenlenecek.<\/p>\n","protected":false},"author":1,"featured_media":8662,"comment_status":"open","ping_status":"open","sticky":false,"template":"","format":"standard","meta":{"footnotes":""},"categories":[6],"tags":[510,1993,1992],"class_list":["post-8661","post","type-post","status-publish","format-standard","has-post-thumbnail","hentry","category-dunya","tag-bolge","tag-hukuk","tag-yargitay"],"_links":{"self":[{"href":"https:\/\/bihavadis.com\/index.php\/wp-json\/wp\/v2\/posts\/8661","targetHints":{"allow":["GET"]}}],"collection":[{"href":"https:\/\/bihavadis.com\/index.php\/wp-json\/wp\/v2\/posts"}],"about":[{"href":"https:\/\/bihavadis.com\/index.php\/wp-json\/wp\/v2\/types\/post"}],"author":[{"embeddable":true,"href":"https:\/\/bihavadis.com\/index.php\/wp-json\/wp\/v2\/users\/1"}],"replies":[{"embeddable":true,"href":"https:\/\/bihavadis.com\/index.php\/wp-json\/wp\/v2\/comments?post=8661"}],"version-history":[{"count":1,"href":"https:\/\/bihavadis.com\/index.php\/wp-json\/wp\/v2\/posts\/8661\/revisions"}],"predecessor-version":[{"id":8663,"href":"https:\/\/bihavadis.com\/index.php\/wp-json\/wp\/v2\/posts\/8661\/revisions\/8663"}],"wp:featuredmedia":[{"embeddable":true,"href":"https:\/\/bihavadis.com\/index.php\/wp-json\/wp\/v2\/media\/8662"}],"wp:attachment":[{"href":"https:\/\/bihavadis.com\/index.php\/wp-json\/wp\/v2\/media?parent=8661"}],"wp:term":[{"taxonomy":"category","embeddable":true,"href":"https:\/\/bihavadis.com\/index.php\/wp-json\/wp\/v2\/categories?post=8661"},{"taxonomy":"post_tag","embeddable":true,"href":"https:\/\/bihavadis.com\/index.php\/wp-json\/wp\/v2\/tags?post=8661"}],"curies":[{"name":"wp","href":"https:\/\/api.w.org\/{rel}","templated":true}]}}