{"id":8762,"date":"2026-01-31T22:36:07","date_gmt":"2026-01-31T22:36:07","guid":{"rendered":"https:\/\/bihavadis.com\/?p=8762"},"modified":"2026-01-31T22:36:07","modified_gmt":"2026-01-31T22:36:07","slug":"sakaryasporda-8-transfer-18-icra-dosyasi-kapatildi","status":"publish","type":"post","link":"https:\/\/bihavadis.com\/index.php\/2026\/01\/31\/sakaryasporda-8-transfer-18-icra-dosyasi-kapatildi\/","title":{"rendered":"Sakaryaspor&#8217;da 8 transfer, 18 icra dosyas\u0131 kapat\u0131ld\u0131"},"content":{"rendered":"<p> Sakaryaspor Ba\u015fkan\u0131 Enes Zengin, g\u00f6reve geldikleri k\u0131sa s\u00fcrede 18 icra dosyas\u0131n\u0131 temizlediklerini ve S\u00fcper Lig a\u011f\u0131rl\u0131kl\u0131 toplam 8 transferle tak\u0131m\u0131 aya\u011fa kald\u0131rmak i\u00e7in \u00e7al\u0131\u015ft\u0131klar\u0131n\u0131 belirtti. Zengin, &#8220;Baz\u0131 yollar ta\u015fl\u0131 olabilir ama biz bu tak\u0131m\u0131 bu ligde tutaca\u011f\u0131z&#8221; dedi.<\/p>\n<p>Sakaryaspor Ba\u015fkan\u0131 Enes Zengin, R\u00fcstemler Tesisleri&#8217;nde ger\u00e7ekle\u015ftirilen toplant\u0131da bas\u0131n mensuplar\u0131n\u0131n sorular\u0131n\u0131 yan\u0131tlayarak ye\u015fil-siyahl\u0131 kul\u00fcb\u00fcn son 1 ayl\u0131k y\u00f6netim s\u00fcrecini ve transfer \u00e7al\u0131\u015fmalar\u0131n\u0131 de\u011ferlendirdi. G\u00f6reve \u00e7ok s\u0131k\u0131nt\u0131l\u0131 bir d\u00f6nemde geldiklerini hat\u0131rlatan Zengin, ilk i\u015f olarak futbolcu alacaklar\u0131n\u0131 ve kul\u00fcb\u00fcn \u00f6n\u00fcndeki engel olan 18 dosyay\u0131 \u00f6deyerek kapatt\u0131klar\u0131n\u0131 a\u00e7\u0131klad\u0131.<\/p>\n<p>S\u00fcper Lig a\u011f\u0131rl\u0131kl\u0131 8 yeni isim<\/p>\n<p>Devre aras\u0131nda adeta yeni bir kadro in\u015fa ettiklerini belirten Ba\u015fkan Zengin, transferlerin kalitesine vurgu yaparak, &#8220;Transfer \u00e7al\u0131\u015fmalar\u0131m\u0131z aral\u0131ks\u0131z s\u00fcrd\u00fc. Bug\u00fcne kadar bitirdi\u011fimiz isimlerle birlikte toplam 8 futbolcu alm\u0131\u015f oluyoruz. Bu devre aras\u0131 i\u00e7in \u00e7ok \u00f6nemli bir rakam. \u015eu ana kadar ald\u0131\u011f\u0131m\u0131z t\u00fcm futbolcu karde\u015flerimizi S\u00fcper Lig ekiplerinden kadromuza katt\u0131k. Yabanc\u0131 transferinde de bug\u00fcn son noktaya geldi\u011fimiz isimler var, in\u015fallah onlar\u0131 da bitirece\u011fiz&#8221; dedi.<\/p>\n<p>&#8220;Kaybedecek 1 puan\u0131m\u0131z bile yok&#8221;<\/p>\n<p>Tak\u0131m olabilme yolunda zamana ihtiya\u00e7lar\u0131 oldu\u011funu ancak ligdeki durumun ciddiyetinin fark\u0131nda olduklar\u0131n\u0131 s\u00f6yleyen Enes Zengin, &#8220;Poyraz, Melih ve Kerem gibi isimler tak\u0131ma kat\u0131l\u0131r kat\u0131lmaz ma\u00e7a \u00e7\u0131kmak zorunda kald\u0131. Hen\u00fcz tam anlam\u0131yla tak\u0131m olamaman\u0131n etkilerini ya\u015f\u0131yoruz ancak inan\u0131yorum, ba\u015faraca\u011f\u0131z. Bizim kaybedecek 1 ma\u00e7\u0131m\u0131z, 1 g\u00fcn\u00fcm\u00fcz hatta 1 puan\u0131m\u0131z dahi yok. Bolu ma\u00e7\u0131yla birlikte \u00e7\u0131k\u0131\u015f yakalayaca\u011f\u0131z&#8221; diye konu\u015ftu.<\/p>\n<p>&#8220;Yolumuzun uzun olmas\u0131 sorun de\u011fil, zaman\u0131m\u0131z k\u0131s\u0131tl\u0131&#8221;<\/p>\n<p>Zaman\u0131n k\u0131s\u0131tl\u0131 olmas\u0131na ra\u011fmen kararl\u0131l\u0131kla yollar\u0131na devam edeceklerini belirten Zengin, &#8220;Bolu ma\u00e7\u0131 olmak \u00fczere biz buradan bir \u00e7\u0131k\u0131\u015f yakalayaca\u011f\u0131z art\u0131k. Elimizden geldik\u00e7e nokta at\u0131\u015f\u0131yla \u00e7\u00f6zmeye \u00e7al\u0131\u015f\u0131yoruz. Bug\u00fcnden yar\u0131n, Bolu ma\u00e7\u0131na yeti\u015ftirece\u011fimiz bir, iki isim var in\u015fallah. \u0130nan\u0131yoruz, baz\u0131 yollar ta\u015fl\u0131, yolumuzun uzun olmas\u0131 sorun de\u011fil, zaman\u0131m\u0131z k\u0131s\u0131tl\u0131. Biz bu k\u0131sa zamanda neler yapabiliriz onun hesab\u0131nday\u0131z. Bolu ma\u00e7\u0131ndan galibiyetle d\u00f6nece\u011fiz, inan\u0131yorum. O trib\u00fcnler dolu olacak&#8221; \u015feklinde konu\u015ftu. &#8211; SAKARYA<\/p>\n","protected":false},"excerpt":{"rendered":"<p>Ba\u015fkan Zengin, Sakaryaspor&#8217;un b\u00fct\u00fcn\u00fcyle yeni bir kadro in\u015fa etti\u011fini ve 18 dosyay\u0131 temizlediklerini belirtti.<\/p>\n","protected":false},"author":1,"featured_media":8763,"comment_status":"open","ping_status":"open","sticky":false,"template":"","format":"standard","meta":{"footnotes":""},"categories":[14],"tags":[2011,597,366,404,1694],"class_list":["post-8762","post","type-post","status-publish","format-standard","has-post-thumbnail","hentry","category-spor","tag-isim","tag-lig","tag-takim","tag-transfer","tag-zengin"],"_links":{"self":[{"href":"https:\/\/bihavadis.com\/index.php\/wp-json\/wp\/v2\/posts\/8762","targetHints":{"allow":["GET"]}}],"collection":[{"href":"https:\/\/bihavadis.com\/index.php\/wp-json\/wp\/v2\/posts"}],"about":[{"href":"https:\/\/bihavadis.com\/index.php\/wp-json\/wp\/v2\/types\/post"}],"author":[{"embeddable":true,"href":"https:\/\/bihavadis.com\/index.php\/wp-json\/wp\/v2\/users\/1"}],"replies":[{"embeddable":true,"href":"https:\/\/bihavadis.com\/index.php\/wp-json\/wp\/v2\/comments?post=8762"}],"version-history":[{"count":1,"href":"https:\/\/bihavadis.com\/index.php\/wp-json\/wp\/v2\/posts\/8762\/revisions"}],"predecessor-version":[{"id":8764,"href":"https:\/\/bihavadis.com\/index.php\/wp-json\/wp\/v2\/posts\/8762\/revisions\/8764"}],"wp:featuredmedia":[{"embeddable":true,"href":"https:\/\/bihavadis.com\/index.php\/wp-json\/wp\/v2\/media\/8763"}],"wp:attachment":[{"href":"https:\/\/bihavadis.com\/index.php\/wp-json\/wp\/v2\/media?parent=8762"}],"wp:term":[{"taxonomy":"category","embeddable":true,"href":"https:\/\/bihavadis.com\/index.php\/wp-json\/wp\/v2\/categories?post=8762"},{"taxonomy":"post_tag","embeddable":true,"href":"https:\/\/bihavadis.com\/index.php\/wp-json\/wp\/v2\/tags?post=8762"}],"curies":[{"name":"wp","href":"https:\/\/api.w.org\/{rel}","templated":true}]}}