{"id":8817,"date":"2026-01-31T23:18:07","date_gmt":"2026-01-31T23:18:07","guid":{"rendered":"https:\/\/bihavadis.com\/?p=8817"},"modified":"2026-01-31T23:18:07","modified_gmt":"2026-01-31T23:18:07","slug":"fenerbahcede-bir-ayrilik-daha-dominik-livakovic","status":"publish","type":"post","link":"https:\/\/bihavadis.com\/index.php\/2026\/01\/31\/fenerbahcede-bir-ayrilik-daha-dominik-livakovic\/","title":{"rendered":"Fenerbah\u00e7e&#8217;de bir ayr\u0131l\u0131k daha: Dominik Livakovic&#8230;"},"content":{"rendered":"<p>Fenerbah\u00e7e&#8217;nin H\u0131rvat kalecisi Dominik Livakovic&#8217;in gelece\u011fi netlik kazand\u0131.<\/p>\n<p>Livakovic, sezon sonuna kadar eski kul\u00fcb\u00fc Dinamo Zagreb&#8217;e kiraland\u0131.<\/p>\n<p>H\u0131rvat kaleci Dominik Livakovic&#8217;in kiral\u0131k transferi kapsam\u0131nda Dinamo Zagreb, sezon sonuna kadar yakla\u015f\u0131k 250 bin euroluk bir \u00f6deme yapacak.<\/p>\n<p><strong>\u00dcLKES\u0130NE D\u00d6ND\u00dc<\/strong><\/p>\n<p>Transfer s\u00fcrecinin dikkat \u00e7eken ayr\u0131nt\u0131lar\u0131ndan birinin ise Livakovic&#8217;in \u00fccretinde yapt\u0131\u011f\u0131 fedakarl\u0131k oldu\u011fu \u00f6\u011frenildi.<\/p>\n<p>Deneyimli file bek\u00e7isinin, anla\u015fman\u0131n ger\u00e7ekle\u015febilmesi i\u00e7in sezon sonuna kadar olan yakla\u015f\u0131k 3 milyon euroluk net maa\u015f\u0131n\u0131n \u00f6nemli bir b\u00f6l\u00fcm\u00fcnden vazge\u00e7ti\u011fi ve neredeyse bedelsiz \u015fekilde forma giymeyi kabul etti\u011fi belirtildi.<\/p>\n<p><img decoding=\"async\" src=\"https:\/\/bihavadis.com\/wp-content\/uploads\/2026\/01\/fenerbahcede-bir-ayrilik-daha-dominik-livakovic-0-f1IGh2sd.jpg\"\/><\/p>\n<p><strong>SATIN ALMA OPS\u0130YONU YOK<\/strong><\/p>\n<p>Anla\u015fmada sat\u0131n alma opsiyonunun yer almad\u0131\u011f\u0131 da aktar\u0131ld\u0131.<\/p>\n<p>Buna g\u00f6re Livakovic&#8217;in Dinamo Zagreb ile yapt\u0131\u011f\u0131 s\u00f6zle\u015fme yaln\u0131zca mevcut sezonun sonuna kadar ge\u00e7erli olacak.<\/p>\n<p>H\u0131rvat kaleci, sezon bitiminde 2028 y\u0131l\u0131na kadar kontrat\u0131n\u0131n bulundu\u011fu Fenerbah\u00e7e&#8217;ye geri d\u00f6necek.<\/p>\n<p><strong>D\u00dcNYA KUPASI \u0130\u00c7\u0130N \u0130MZA ATTI<\/strong><\/p>\n<p>Transferin, H\u0131rvatistan Milli Tak\u0131m\u0131 a\u00e7\u0131s\u0131ndan da \u00f6nem ta\u015f\u0131d\u0131\u011f\u0131 de\u011ferlendiriliyor.<\/p>\n<p>Livakovic&#8217;in d\u00fczenli forma \u015fans\u0131 bulmas\u0131 halinde yaz aylar\u0131nda d\u00fczenlenecek D\u00fcnya Kupas\u0131 \u00f6ncesinde ma\u00e7 ritmi kazanmas\u0131n\u0131n hedeflendi\u011fi kaydedildi.<\/p>\n<p><img decoding=\"async\" src=\"https:\/\/bihavadis.com\/wp-content\/uploads\/2026\/01\/fenerbahcede-bir-ayrilik-daha-dominik-livakovic-1-xBPVIkCa.jpg\"\/><\/p>\n<p><strong>TFF&#8217;YE B\u0130LD\u0130R\u0130LD\u0130<\/strong><\/p>\n<p>\u00d6te yandan\u00a0Fenerbah\u00e7e, H\u0131rvat kalecisi Dominik Livakovic&#8217;in sezon sonuna kadar Dinamo Zagreb&#8217;e kiraland\u0131\u011f\u0131n\u0131 T\u00fcrkiye Futbol Federasyonu&#8217;na resmen bildirdi.<\/p>\n<p>Sar\u0131-lacivertli kul\u00fcp, H\u0131rvat file bek\u00e7isi Dominik Livakovic&#8217;in eski tak\u0131m\u0131 Dinamo Zagreb&#8217;e kiralanmas\u0131yla ilgili resmi s\u00fcreci tamamlad\u0131.<\/p>\n<p>Fenerbah\u00e7e, ayr\u0131l\u0131\u011f\u0131 T\u00fcrkiye Futbol Federasyonu&#8217;na iletti.<\/p>\n<p><img decoding=\"async\" src=\"https:\/\/bihavadis.com\/wp-content\/uploads\/2026\/01\/fenerbahcede-bir-ayrilik-daha-dominik-livakovic-2-g5iIvTSF.jpg\"\/><\/p>\n","protected":false},"excerpt":{"rendered":"<p>Fenerbah\u00e7e, Dominik Livakovic&#8217;in sezon sonuna kadar Dinamo Zagreb&#8217;e kiraland\u0131\u011f\u0131n\u0131 TFF&#8217;ye bildirdi; H\u0131rvat kaleci maa\u015f\u0131nda ciddi fedakarl\u0131k yaparken, anla\u015fmada sat\u0131n alma opsiyonu yer almad\u0131.<\/p>\n","protected":false},"author":1,"featured_media":8818,"comment_status":"open","ping_status":"open","sticky":false,"template":"","format":"standard","meta":{"footnotes":""},"categories":[14],"tags":[2017,2016,451,2018],"class_list":["post-8817","post","type-post","status-publish","format-standard","has-post-thumbnail","hentry","category-spor","tag-dinamo-zagreb","tag-hirvat","tag-sezon","tag-sonuna-kadar"],"_links":{"self":[{"href":"https:\/\/bihavadis.com\/index.php\/wp-json\/wp\/v2\/posts\/8817","targetHints":{"allow":["GET"]}}],"collection":[{"href":"https:\/\/bihavadis.com\/index.php\/wp-json\/wp\/v2\/posts"}],"about":[{"href":"https:\/\/bihavadis.com\/index.php\/wp-json\/wp\/v2\/types\/post"}],"author":[{"embeddable":true,"href":"https:\/\/bihavadis.com\/index.php\/wp-json\/wp\/v2\/users\/1"}],"replies":[{"embeddable":true,"href":"https:\/\/bihavadis.com\/index.php\/wp-json\/wp\/v2\/comments?post=8817"}],"version-history":[{"count":1,"href":"https:\/\/bihavadis.com\/index.php\/wp-json\/wp\/v2\/posts\/8817\/revisions"}],"predecessor-version":[{"id":8822,"href":"https:\/\/bihavadis.com\/index.php\/wp-json\/wp\/v2\/posts\/8817\/revisions\/8822"}],"wp:featuredmedia":[{"embeddable":true,"href":"https:\/\/bihavadis.com\/index.php\/wp-json\/wp\/v2\/media\/8818"}],"wp:attachment":[{"href":"https:\/\/bihavadis.com\/index.php\/wp-json\/wp\/v2\/media?parent=8817"}],"wp:term":[{"taxonomy":"category","embeddable":true,"href":"https:\/\/bihavadis.com\/index.php\/wp-json\/wp\/v2\/categories?post=8817"},{"taxonomy":"post_tag","embeddable":true,"href":"https:\/\/bihavadis.com\/index.php\/wp-json\/wp\/v2\/tags?post=8817"}],"curies":[{"name":"wp","href":"https:\/\/api.w.org\/{rel}","templated":true}]}}