{"id":8877,"date":"2026-02-01T00:06:07","date_gmt":"2026-02-01T00:06:07","guid":{"rendered":"https:\/\/bihavadis.com\/?p=8877"},"modified":"2026-02-01T00:06:07","modified_gmt":"2026-02-01T00:06:07","slug":"korkulan-oluyor-tahran-savas-siginaklari-kurmak-icin-dugmeye-basti","status":"publish","type":"post","link":"https:\/\/bihavadis.com\/index.php\/2026\/02\/01\/korkulan-oluyor-tahran-savas-siginaklari-kurmak-icin-dugmeye-basti\/","title":{"rendered":"Korkulan oluyor! Tahran sava\u015f s\u0131\u011f\u0131naklar\u0131 kurmak i\u00e7in d\u00fc\u011fmeye bast\u0131"},"content":{"rendered":"<p> \u0130ran&#8217;\u0131n ba\u015fkenti Tahran&#8217;\u0131n belediye ba\u015fkan\u0131 Alireza Zakani, artan b\u00f6lgesel gerilimler ve olas\u0131 \u00e7at\u0131\u015fma risklerine kar\u015f\u0131 kentin sivil savunma haz\u0131rl\u0131klar\u0131n\u0131 g\u00fc\u00e7lendirmek i\u00e7in \u00f6nemli bir ad\u0131m att\u0131klar\u0131n\u0131 a\u00e7\u0131klad\u0131. Zakani, yeralt\u0131 otoparklar\u0131 ve metro istasyonlar\u0131n\u0131n &#8220;sava\u015f s\u0131\u011f\u0131naklar\u0131na&#8221; d\u00f6n\u00fc\u015ft\u00fcr\u00fclece\u011fini duyurdu. Bu planla olas\u0131 bir sald\u0131r\u0131 veya kriz an\u0131nda halk\u0131n korunmas\u0131 ama\u00e7lan\u0131yor.<\/p>\n<p><b>TANS\u0130YON G\u0130T G\u0130DE ARTIYOR<\/b><\/p>\n<p>Yetkililer, mevcut jeopolitik ortam\u0131n belirsizliklerle dolu oldu\u011funu ve \u0130ran ile ABD ile \u0130srail aras\u0131ndaki tansiyonun artt\u0131\u011f\u0131n\u0131 belirterek, yeralt\u0131 altyap\u0131lar\u0131n\u0131n s\u0131\u011f\u0131nak i\u015flevi g\u00f6rebilmesi i\u00e7in acilen haz\u0131rlanaca\u011f\u0131n\u0131 a\u00e7\u0131klad\u0131. Belediye ba\u015fkan\u0131n\u0131n ifadelerine g\u00f6re bu s\u0131\u011f\u0131naklar, mevcut yeralt\u0131 ara\u00e7 park alanlar\u0131 ve metro sistemlerinde d\u00fczenlemeler yap\u0131larak olu\u015fturulacak.<\/p>\n<div>\n<figure><img decoding=\"async\" src=\"https:\/\/bihavadis.com\/wp-content\/uploads\/2026\/02\/korkulan-oluyor-tahran-savas-siginaklari-kurmak-icin-dugmeye-basti-0-ULveVZzY.jpg\"\/><\/figure>\n<\/div>\n<p><b>HAMANEY&#8217;\u0130N SI\u011eINAKTA OLDU\u011eU \u0130DD\u0130ASINI DESTEKL\u0130YOR<\/b><\/p>\n<p>Zakani&#8217;nin a\u00e7\u0131klamas\u0131, \u0130ran y\u00f6netiminin \u00fcst d\u00fczey isimlerinin \u00e7oktan g\u00fc\u00e7lendirilmi\u015f yeralt\u0131 s\u0131\u011f\u0131naklar\u0131na ta\u015f\u0131nd\u0131\u011f\u0131 iddialar\u0131yla destekleniyor; bu da h\u00e2lihaz\u0131rda h\u00fck\u00fcmet \u00e7evrelerinde olas\u0131 askeri sald\u0131r\u0131lara kar\u015f\u0131 haz\u0131rl\u0131k hissiyat\u0131n\u0131n oldu\u011funa i\u015faret ediyor.<\/p>\n<p>Bu hamle, 2025&#8217;te Tahran ve di\u011fer \u0130ran \u015fehirlerinde ya\u015fanan g\u00fcvenlik endi\u015feleri s\u0131ras\u0131nda metro istasyonlar\u0131 ve kamu binalar\u0131n\u0131n ge\u00e7ici s\u0131\u011f\u0131naklar olarak kullan\u0131lmas\u0131yla ilgili \u00f6nceki tecr\u00fcbeleri de yans\u0131t\u0131yor. O d\u00f6nem h\u00fck\u00fcmet, metro sistemleri, okullar ve camileri s\u0131\u011f\u0131nak olarak a\u00e7m\u0131\u015f, ancak haz\u0131r ve kapsaml\u0131 sivil s\u0131\u011f\u0131nak altyap\u0131s\u0131n\u0131n eksikli\u011fi ele\u015ftirilere yol a\u00e7m\u0131\u015ft\u0131.<\/p>\n<div>\n<figure><img decoding=\"async\" src=\"https:\/\/bihavadis.com\/wp-content\/uploads\/2026\/02\/korkulan-oluyor-tahran-savas-siginaklari-kurmak-icin-dugmeye-basti-1-ZGVvyI3m.jpg\"\/><\/figure>\n<\/div>\n<p><b>SI\u011eINAK EKS\u0130KL\u0130\u011e\u0130 C\u0130DD\u0130 R\u0130SK OLU\u015eTURUYOR<\/b><\/p>\n<p>Uzmanlar, b\u00fcy\u00fck \u015fehirlerde s\u0131\u011f\u0131nak altyap\u0131s\u0131 eksikli\u011finin, sava\u015f ya da hava sald\u0131r\u0131s\u0131 olas\u0131l\u0131\u011f\u0131 kar\u015f\u0131s\u0131nda ciddi risk olu\u015fturdu\u011funu belirtiyor. Tahran gibi y\u00fcksek n\u00fcfuslu ba\u015fkentlerde yeralt\u0131 metro hatlar\u0131 ve geni\u015f otopark sistemlerinin s\u0131\u011f\u0131nak olarak de\u011ferlendirilmesinin mekanik olarak m\u00fcmk\u00fcn oldu\u011fu ancak bunun teknik, lojistik ve lojman altyap\u0131s\u0131yla desteklenmesi gerekti\u011fi vurgulan\u0131yor.<\/p>\n","protected":false},"excerpt":{"rendered":"<p>32 g\u00fcnd\u00fcr devam eden protestolarla ciddi bir kaosa s\u00fcr\u00fcklenen \u0130ran, ABD&#8217;den gelen tehditler sonras\u0131 d\u00fc\u011fmeye bast\u0131. Tahran Belediye Ba\u015fkan\u0131, otomobil otoparklar\u0131nda ve metro istasyonlar\u0131nda sava\u015f s\u0131\u011f\u0131naklar\u0131 kurulaca\u011f\u0131n\u0131 duyurdu. Belediye ba\u015fkan\u0131n\u0131n bu a\u00e7\u0131klamas\u0131, \u0130ran lideri Hamaney&#8217;in de \u00e7oktan g\u00fc\u00e7lendirilmi\u015f yeralt\u0131 s\u0131\u011f\u0131naklar\u0131na ta\u015f\u0131nd\u0131\u011f\u0131 iddialar\u0131yla destekleniyor.<\/p>\n","protected":false},"author":1,"featured_media":8878,"comment_status":"open","ping_status":"open","sticky":false,"template":"","format":"standard","meta":{"footnotes":""},"categories":[12],"tags":[2028,2027,2029],"class_list":["post-8877","post","type-post","status-publish","format-standard","has-post-thumbnail","hentry","category-siyaset","tag-metro","tag-siginak","tag-yeralti"],"_links":{"self":[{"href":"https:\/\/bihavadis.com\/index.php\/wp-json\/wp\/v2\/posts\/8877","targetHints":{"allow":["GET"]}}],"collection":[{"href":"https:\/\/bihavadis.com\/index.php\/wp-json\/wp\/v2\/posts"}],"about":[{"href":"https:\/\/bihavadis.com\/index.php\/wp-json\/wp\/v2\/types\/post"}],"author":[{"embeddable":true,"href":"https:\/\/bihavadis.com\/index.php\/wp-json\/wp\/v2\/users\/1"}],"replies":[{"embeddable":true,"href":"https:\/\/bihavadis.com\/index.php\/wp-json\/wp\/v2\/comments?post=8877"}],"version-history":[{"count":1,"href":"https:\/\/bihavadis.com\/index.php\/wp-json\/wp\/v2\/posts\/8877\/revisions"}],"predecessor-version":[{"id":8881,"href":"https:\/\/bihavadis.com\/index.php\/wp-json\/wp\/v2\/posts\/8877\/revisions\/8881"}],"wp:featuredmedia":[{"embeddable":true,"href":"https:\/\/bihavadis.com\/index.php\/wp-json\/wp\/v2\/media\/8878"}],"wp:attachment":[{"href":"https:\/\/bihavadis.com\/index.php\/wp-json\/wp\/v2\/media?parent=8877"}],"wp:term":[{"taxonomy":"category","embeddable":true,"href":"https:\/\/bihavadis.com\/index.php\/wp-json\/wp\/v2\/categories?post=8877"},{"taxonomy":"post_tag","embeddable":true,"href":"https:\/\/bihavadis.com\/index.php\/wp-json\/wp\/v2\/tags?post=8877"}],"curies":[{"name":"wp","href":"https:\/\/api.w.org\/{rel}","templated":true}]}}