{"id":8882,"date":"2026-02-01T00:09:04","date_gmt":"2026-02-01T00:09:04","guid":{"rendered":"https:\/\/bihavadis.com\/?p=8882"},"modified":"2026-02-01T00:09:04","modified_gmt":"2026-02-01T00:09:04","slug":"samda-sdg-ile-yeni-mutabakat","status":"publish","type":"post","link":"https:\/\/bihavadis.com\/index.php\/2026\/02\/01\/samda-sdg-ile-yeni-mutabakat\/","title":{"rendered":"\u015eam&#8217;da SDG ile yeni mutabakat"},"content":{"rendered":"<p>Suriye&#8217;de hareketli dakikalar&#8230;\u00a0<\/p>\n<p>Suriye&#8217;de, \u015eam y\u00f6netimi ve ter\u00f6r \u00f6rg\u00fct\u00fc PKK&#8217;n\u0131n Suriye uzant\u0131s\u0131 SGD ile 10 Mart tarihinde ABD arabuluculu\u011funda anla\u015fma imzalanm\u0131\u015ft\u0131.<\/p>\n<p>Taraflar aras\u0131nda imzalanan mutabakat, SDG&#8217;nin askeri ve sivil yap\u0131lar\u0131n\u0131n \u015eam&#8217;\u0131n kontrol\u00fcne entegre etmeyi ama\u00e7l\u0131yordu.<\/p>\n<p>Ancak SDG, verilen s\u00fcreye ra\u011fmen imzalanan anla\u015fmaya uymad\u0131.<\/p>\n<p><strong>\u015eAM Y\u00d6NET\u0130M\u0130 M\u00dcZAKERELER\u0130 ASKIYA ALDI<\/strong><\/p>\n<p>Mutabakatta SDG&#8217;ye verilen s\u00fcrenin dolmas\u0131 \u00fczerine, \u015eam y\u00f6netimi t\u00fcm m\u00fczakereleri ask\u0131ya ald\u0131.<\/p>\n<p><strong>HALEP&#8217;TE NOKTA ATI\u015eI OPERASYONLAR<\/strong><\/p>\n<p>\u00d6rg\u00fct\u00fcn Halep\u2019teki sivil yerle\u015fim alanlar\u0131na top\u00e7u at\u0131\u015flar\u0131 d\u00fczenlemesi sonras\u0131, Suriye ordusu operasyon i\u00e7in d\u00fc\u011fmeye bast\u0131.<\/p>\n<p>Ger\u00e7ekle\u015ftirilen ba\u015far\u0131l\u0131 nokta at\u0131\u015f\u0131 operasyonlar ile, Halep&#8217;te \u00f6rg\u00fct i\u015fgalinde olan 3 mahallede de temizlendi.<\/p>\n<p><strong>YEN\u0130 B\u0130R MUTABAKAT DAHA \u0130MZALANDI<\/strong><\/p>\n<p>Ya\u015fanan geli\u015fmelerin ard\u0131ndan 15 g\u00fcnl\u00fck bir ate\u015fkese var\u0131ld\u0131.\u00a0<\/p>\n<p>Ge\u00e7ti\u011fimiz dakikalarda gelen son dakika bilgisine g\u00f6re, SDG ile \u015eam y\u00f6netimi aras\u0131nda yeni bir mutabakat daha imzaland\u0131.\u00a0<\/p>\n<p><strong>KADEMEL\u0130 ENTEGRASYON<\/strong><\/p>\n<p>Suriye devlet televizyonu, \u015eam y\u00f6netimi ile ter\u00f6r \u00f6rg\u00fct\u00fc YPG aras\u0131nda, ate\u015fkes ve kademeli entegrasyonu \u00f6ng\u00f6ren yeni bir mutabakata var\u0131ld\u0131\u011f\u0131n\u0131 duyurdu\u00a0<\/p>\n<p><img decoding=\"async\" src=\"https:\/\/bihavadis.com\/wp-content\/uploads\/2026\/02\/samda-sdg-ile-yeni-mutabakat-0-zl42xUZ8.jpg\"\/><\/p>\n<p><strong>ANLA\u015eMANIN \u0130\u00c7ER\u0130\u011e\u0130NE DA\u0130R<\/strong><\/p>\n<p>Suriye h\u00fck\u00fcmet yetkilisi resmi Al-Ekhbariya&#8217;ya anla\u015fma metnini a\u00e7\u0131klad\u0131;<\/p>\n<p><em><b>1. Suriye h\u00fck\u00fcmeti ile SDG aras\u0131nda askeri ve idari g\u00fc\u00e7lerin a\u015famal\u0131 entegrasyon s\u00fcrecine ili\u015fkin bir anlay\u0131\u015f i\u00e7eren kapsaml\u0131 bir anla\u015fma \u00e7er\u00e7evesinde ate\u015fkes anla\u015fmas\u0131na var\u0131ld\u0131. <\/b><\/em><\/p>\n<p><em><b>2. Anla\u015fma, istikrar\u0131 art\u0131rmak amac\u0131yla askeri g\u00fc\u00e7lerin temas noktalar\u0131ndan \u00e7ekilmesini ve \u0130\u00e7i\u015fleri Bakanl\u0131\u011f\u0131&#8217;na ba\u011fl\u0131 g\u00fcvenlik g\u00fc\u00e7lerinin Haseke ve Kam\u0131\u015fl\u0131 \u015fehir merkezlerine girmesini, b\u00f6lgedeki g\u00fcvenlik g\u00fc\u00e7lerinin entegrasyon s\u00fcrecinin ba\u015flat\u0131lmas\u0131n\u0131 ve Halep Valili\u011fi&#8217;ne ba\u011fl\u0131 bir t\u00fcmen i\u00e7inde Ayn al-Arab g\u00fc\u00e7leri i\u00e7in bir tugay olu\u015fturulmas\u0131na ek olarak, SDG g\u00fc\u00e7lerinden \u00fc\u00e7 tugaydan olu\u015fan bir askeri t\u00fcmenin kurulmas\u0131n\u0131 i\u00e7ermektedir. <\/b><\/em><\/p>\n<p><em><b>3. Anla\u015fma ayr\u0131ca, devlet memurlar\u0131n\u0131n istihdam\u0131n\u0131n g\u00fcvence alt\u0131na al\u0131nmas\u0131n\u0131 sa\u011flarken, \u00f6zerk y\u00f6netim kurumlar\u0131n\u0131n Suriye devlet kurumlar\u0131na entegre edilmesini de i\u00e7ermektedir. <\/b><\/em><\/p>\n<p><em><b>4. K\u00fcrt toplumunun medeni ve e\u011fitim haklar\u0131n\u0131n belirlenmesi ve yerinden edilmi\u015f ki\u015filerin b\u00f6lgelerine geri d\u00f6n\u00fc\u015f\u00fcn\u00fcn sa\u011flanmas\u0131na ili\u015fkin anla\u015fman\u0131n amac\u0131, Suriye topraklar\u0131n\u0131 birle\u015ftirmek, hukuku uygulamak ve ilgili taraflar aras\u0131ndaki i\u015fbirli\u011fini g\u00fc\u00e7lendirerek ve \u00fclkenin yeniden in\u015fas\u0131 i\u00e7in \u00e7abalar\u0131 birle\u015ftirerek b\u00f6lgede tam entegrasyonu sa\u011flamakt\u0131r.\u201d\u00a0<\/b><\/em><\/p>\n","protected":false},"excerpt":{"rendered":"<p>Suriye devlet televizyonu, \u015eam y\u00f6netimi ile ter\u00f6r \u00f6rg\u00fct\u00fc YPG aras\u0131nda, ate\u015fkes ve kademeli entegrasyonu \u00f6ng\u00f6ren yeni bir mutabakata var\u0131ld\u0131\u011f\u0131n\u0131 duyurdu.<\/p>\n","protected":false},"author":1,"featured_media":8883,"comment_status":"open","ping_status":"open","sticky":false,"template":"","format":"standard","meta":{"footnotes":""},"categories":[9,13],"tags":[1426,1341,2030,1322,361],"class_list":["post-8882","post","type-post","status-publish","format-standard","has-post-thumbnail","hentry","category-genel","category-son-dakika","tag-anlasma","tag-entegrasyon","tag-guclerin","tag-sdg","tag-suriye"],"_links":{"self":[{"href":"https:\/\/bihavadis.com\/index.php\/wp-json\/wp\/v2\/posts\/8882","targetHints":{"allow":["GET"]}}],"collection":[{"href":"https:\/\/bihavadis.com\/index.php\/wp-json\/wp\/v2\/posts"}],"about":[{"href":"https:\/\/bihavadis.com\/index.php\/wp-json\/wp\/v2\/types\/post"}],"author":[{"embeddable":true,"href":"https:\/\/bihavadis.com\/index.php\/wp-json\/wp\/v2\/users\/1"}],"replies":[{"embeddable":true,"href":"https:\/\/bihavadis.com\/index.php\/wp-json\/wp\/v2\/comments?post=8882"}],"version-history":[{"count":1,"href":"https:\/\/bihavadis.com\/index.php\/wp-json\/wp\/v2\/posts\/8882\/revisions"}],"predecessor-version":[{"id":8885,"href":"https:\/\/bihavadis.com\/index.php\/wp-json\/wp\/v2\/posts\/8882\/revisions\/8885"}],"wp:featuredmedia":[{"embeddable":true,"href":"https:\/\/bihavadis.com\/index.php\/wp-json\/wp\/v2\/media\/8883"}],"wp:attachment":[{"href":"https:\/\/bihavadis.com\/index.php\/wp-json\/wp\/v2\/media?parent=8882"}],"wp:term":[{"taxonomy":"category","embeddable":true,"href":"https:\/\/bihavadis.com\/index.php\/wp-json\/wp\/v2\/categories?post=8882"},{"taxonomy":"post_tag","embeddable":true,"href":"https:\/\/bihavadis.com\/index.php\/wp-json\/wp\/v2\/tags?post=8882"}],"curies":[{"name":"wp","href":"https:\/\/api.w.org\/{rel}","templated":true}]}}