{"id":8913,"date":"2026-02-01T00:33:06","date_gmt":"2026-02-01T00:33:06","guid":{"rendered":"https:\/\/bihavadis.com\/?p=8913"},"modified":"2026-02-01T00:33:06","modified_gmt":"2026-02-01T00:33:06","slug":"kultur-ve-turizm-bakan-yardimcisi-cam-dunyanin-en-onemli-en-buyuk-ekonomileri-bile-turkiyeye-hayran-bir-sekilde-bakiyor","status":"publish","type":"post","link":"https:\/\/bihavadis.com\/index.php\/2026\/02\/01\/kultur-ve-turizm-bakan-yardimcisi-cam-dunyanin-en-onemli-en-buyuk-ekonomileri-bile-turkiyeye-hayran-bir-sekilde-bakiyor\/","title":{"rendered":"K\u00fclt\u00fcr ve Turizm Bakan Yard\u0131mc\u0131s\u0131 \u00c7am: &#8220;D\u00fcnyan\u0131n en \u00f6nemli, en b\u00fcy\u00fck ekonomileri bile T\u00fcrkiye&#8217;ye hayran bir \u015fekilde bak\u0131yor&#8221;"},"content":{"rendered":"<p> K\u00fclt\u00fcr ve Turizm Bakan Yard\u0131mc\u0131s\u0131 Dr. Serdar \u00c7am, &#8220;D\u00fcnyan\u0131n en \u00f6nemli, en b\u00fcy\u00fck ekonomileri bile T\u00fcrkiye&#8217;ye hayran bir \u015fekilde bak\u0131yor&#8221; dedi.<\/p>\n<p>Kastamonu&#8217;ya gelen K\u00fclt\u00fcr ve Turizm Bakan Yard\u0131mc\u0131s\u0131 Dr. Serdar \u00c7am, ilk olarak Vali Meftun Dall\u0131&#8217;y\u0131 makam\u0131nda ziyaret ederek bakanl\u0131\u011f\u0131n Kastamonu&#8217;daki yat\u0131r\u0131m ve \u00e7al\u0131\u015fmalar\u0131na ili\u015fkin fikir al\u0131\u015fveri\u015finde bulundu. Ard\u0131ndan AK Parti Kastamonu \u0130l Ba\u015fkanl\u0131\u011f\u0131&#8217;na ge\u00e7en \u00c7am, burada partililerle bir aray geldi ard\u0131ndan da EDEP \u0130l Koordinasyon Toplant\u0131s\u0131&#8217;na kat\u0131ld\u0131. Toplant\u0131da konu\u015fan \u00c7am, &#8220;D\u00fcnyadaki bir s\u00fcr\u00fc karga\u015fas\u0131n\u0131n i\u00e7inde \u00fclkemiz, devletimiz \u00e7ok daha kritik bir noktada, g\u00fczel \u00e7al\u0131\u015fmalar yap\u0131yor. Ba\u015fta Say\u0131n Cumhurba\u015fkan\u0131m\u0131z Recep Tayyip Erdo\u011fan&#8217;\u0131n \u00f6nderli\u011finde kabinesi, bakanlar\u0131, bakanl\u0131klar\u0131, b\u00fcrokrasisi, te\u015fkilatlar\u0131 hepsi ayr\u0131 ayr\u0131 kendi k\u00f6\u015fesinde, kendi kalesinde bayra\u011f\u0131 en g\u00fczel noktaya ta\u015f\u0131maya \u00e7al\u0131\u015f\u0131yor. Bu \u00e7al\u0131\u015fma bir tak\u0131m \u00e7al\u0131\u015fmas\u0131. Yani ayr\u0131m\u0131z, gayr\u0131m\u0131z yok. Zaten Cumhurba\u015fkanl\u0131\u011f\u0131 H\u00fck\u00fcmet Sistemi&#8217;nin en \u00f6nemli g\u00f6revi de amac\u0131 da bir bir b\u00fct\u00fcnl\u00fck sistemi olu\u015fturmakt\u0131 ve bunu b\u00fcy\u00fck \u00f6l\u00e7\u00fcde ba\u015fard\u0131&#8221; dedi.<\/p>\n<p>Ziyaret ettikleri her \u015fehirde muazzam yat\u0131r\u0131mlarla kar\u015f\u0131la\u015ft\u0131klar\u0131n\u0131 ifade eden \u00c7am, &#8220;Bu \u00e7al\u0131\u015fmalar bizim ne kadar k\u00f6kl\u00fc bir ge\u00e7mi\u015ften geldi\u011fimizi ve gelece\u011fimizin ne kadar daha g\u00fc\u00e7l\u00fc ve ayd\u0131nl\u0131k i\u00e7inde oldu\u011funu g\u00f6steren, simgeleyen bir \u015fey. Umut dolu bir \u00e7al\u0131\u015fma ve tempo i\u00e7inde Cumhurba\u015fkan\u0131m\u0131z her g\u00fcn\u00fcn\u00fc biraz daha art\u0131ya \u00e7evirecek \u015fekilde b\u00fct\u00fcn kadrolar\u0131n\u0131 \u00e7al\u0131\u015ft\u0131r\u0131yor. B\u00fct\u00fcn bakanl\u0131klar \u00f6ncelikle olarak orta vadeli plan, enflasyonla m\u00fccadele ve tasarruf tedbirleri \u00e7er\u00e7evesinde, deprem b\u00f6lgesinin yeniden toparlanmas\u0131, \u00fclkemizin kalk\u0131nmas\u0131, uluslararas\u0131 standartlarda savunma sanayinde, ihracatta, turizmde her alanda geli\u015fmesine katk\u0131 sa\u011flayan muazzam bir ekonomi modelini uyguluyor. Yurt d\u0131\u015f\u0131na \u00e7\u0131kt\u0131\u011f\u0131m\u0131z zaman kar\u015f\u0131la\u015f\u0131yoruz. D\u00fcnyan\u0131n en \u00f6nemli, en b\u00fcy\u00fck ekonomileri bile T\u00fcrkiye&#8217;ye hayran bir \u015fekilde bak\u0131yor. Bu kadar karga\u015fan\u0131n oldu\u011fu, d\u00fcnya ticaretinin, kavgalar\u0131n\u0131n oldu\u011fu bir yerde T\u00fcrkiye adeta bir g\u00fcvenli liman olarak b\u00f6lgesinde ad\u0131m ad\u0131m hem sava\u015flar\u0131n\u0131n bitirilmesine katk\u0131 sa\u011flamaya hem ekonomik ve ticari olarak daha da g\u00fc\u00e7lenerek di\u011fer \u00fclkelere katk\u0131 sa\u011flamaya \u00e7al\u0131\u015f\u0131yor. Bunlar bizler i\u00e7in \u00e7ok b\u00fcy\u00fck tabii imkanlar ve f\u0131rsatlar. Bunlar\u0131 zaman zaman vesileler olduk\u00e7a da birbirimize hat\u0131rlatmam\u0131z icap ediyor&#8221; diye konu\u015ftu.<\/p>\n<p>AK Parti Milletvekili Serap Ekmekci ise, &#8220;Her soka\u011f\u0131nda her caddesinde tarihi, k\u00fclt\u00fcr\u00fc sonuna kadar ya\u015fayabilece\u011finiz \u00e7ok \u00f6zel bir memlekete sahibiz. Kayak turizmi ve deniz turizmine sahibiz. Hem do\u011fa, hem k\u00fclt\u00fcr, hem de manevi anlamda her y\u00f6nde dolu dolu bir \u015fehir. 19 il\u00e7esi ve k\u00f6yleriyle birlikte tarihi bir \u015fehir. Kastamonu&#8217;muzu desteklerinizle, Cumhurba\u015fkan\u0131m\u0131z\u0131n liderli\u011finde T\u00fcrkiye Y\u00fczy\u0131l\u0131nda k\u00fclt\u00fcr ve turizm anlam\u0131nda en g\u00fczel yerlere ta\u015f\u0131yaca\u011f\u0131m\u0131zdan \u015f\u00fcphe duymuyoruz&#8221; \u015feklinde konu\u015ftu.<\/p>\n<p>AK Parti Milletvekili Halil Uluay da Kastamonu&#8217;nun k\u00fclt\u00fcrel ve turizm alan\u0131ndaki varl\u0131klar\u0131na de\u011finerek, &#8220;Turizm sezonlar\u0131n\u0131 yo\u011fun bir \u015fekilde ya\u015f\u0131yoruz. Bakanl\u0131\u011f\u0131m\u0131z\u0131n desteklerini de ciddi manada al\u0131yoruz&#8221; ifadelerini kulland\u0131.<\/p>\n<p>AK Parti Kastamonu \u0130l Ba\u015fkan\u0131 Ahmet Sevgilio\u011flu ise Kastamonu&#8217;nun tescilli yap\u0131lar\u0131yla ilgili \u00e7al\u0131\u015fmalara dikkat \u00e7ekerek, &#8220;Vak\u0131flar B\u00f6lge M\u00fcd\u00fcrl\u00fc\u011f\u00fcm\u00fcz b\u00fcnyesinde 126 tescilli binan\u0131n onar\u0131m\u0131n\u0131 yapm\u0131\u015f. Bunlar ecdad\u0131n bize miras\u0131 olan yap\u0131lard\u0131r. K\u00fclt\u00fcr ve Turizm Bakanl\u0131\u011f\u0131m\u0131z\u0131n \u00f6zellikle 2005 y\u0131l\u0131ndan itibaren bug\u00fcne kadar 454 tane sivil mimarl\u0131k \u00f6rne\u011finin projesini yapt\u0131rd\u0131\u011f\u0131n\u0131 g\u00f6r\u00fcyoruz. Bunun yan\u0131nda da 292 tanede k\u00fclt\u00fcr varl\u0131\u011f\u0131m\u0131z\u0131n onar\u0131m\u0131n\u0131 yapt\u0131\u011f\u0131n\u0131 g\u00f6r\u00fcyoruz. 2002 y\u0131l\u0131na kadar yap\u0131lmayan \u00e7al\u0131\u015fmalar\u0131n onlarca kat\u0131n\u0131 son 23 y\u0131lda yapt\u0131\u011f\u0131n\u0131 g\u00f6r\u00fcyoruz&#8221; dedi. &#8211; KASTAMONU<\/p>\n","protected":false},"excerpt":{"rendered":"<p>K\u00fclt\u00fcr ve Turizm Bakan Yard\u0131mc\u0131s\u0131 Dr. Serdar \u00c7am, &#8220;D\u00fcnyan\u0131n en \u00f6nemli, en b\u00fcy\u00fck ekonomileri bile T\u00fcrkiye&#8217;ye hayran bir \u015fekilde bak\u0131yor&#8221; dedi.<\/p>\n","protected":false},"author":1,"featured_media":8914,"comment_status":"open","ping_status":"open","sticky":false,"template":"","format":"standard","meta":{"footnotes":""},"categories":[12],"tags":[436,991,2037,121,563],"class_list":["post-8913","post","type-post","status-publish","format-standard","has-post-thumbnail","hentry","category-siyaset","tag-bakan","tag-calismalar","tag-kastamonu","tag-kultur","tag-parti"],"_links":{"self":[{"href":"https:\/\/bihavadis.com\/index.php\/wp-json\/wp\/v2\/posts\/8913","targetHints":{"allow":["GET"]}}],"collection":[{"href":"https:\/\/bihavadis.com\/index.php\/wp-json\/wp\/v2\/posts"}],"about":[{"href":"https:\/\/bihavadis.com\/index.php\/wp-json\/wp\/v2\/types\/post"}],"author":[{"embeddable":true,"href":"https:\/\/bihavadis.com\/index.php\/wp-json\/wp\/v2\/users\/1"}],"replies":[{"embeddable":true,"href":"https:\/\/bihavadis.com\/index.php\/wp-json\/wp\/v2\/comments?post=8913"}],"version-history":[{"count":1,"href":"https:\/\/bihavadis.com\/index.php\/wp-json\/wp\/v2\/posts\/8913\/revisions"}],"predecessor-version":[{"id":8915,"href":"https:\/\/bihavadis.com\/index.php\/wp-json\/wp\/v2\/posts\/8913\/revisions\/8915"}],"wp:featuredmedia":[{"embeddable":true,"href":"https:\/\/bihavadis.com\/index.php\/wp-json\/wp\/v2\/media\/8914"}],"wp:attachment":[{"href":"https:\/\/bihavadis.com\/index.php\/wp-json\/wp\/v2\/media?parent=8913"}],"wp:term":[{"taxonomy":"category","embeddable":true,"href":"https:\/\/bihavadis.com\/index.php\/wp-json\/wp\/v2\/categories?post=8913"},{"taxonomy":"post_tag","embeddable":true,"href":"https:\/\/bihavadis.com\/index.php\/wp-json\/wp\/v2\/tags?post=8913"}],"curies":[{"name":"wp","href":"https:\/\/api.w.org\/{rel}","templated":true}]}}