{"id":8919,"date":"2026-02-01T00:39:09","date_gmt":"2026-02-01T00:39:09","guid":{"rendered":"https:\/\/bihavadis.com\/?p=8919"},"modified":"2026-02-01T00:39:09","modified_gmt":"2026-02-01T00:39:09","slug":"israil-saldirisinda-bacagini-kaybeden-filistinli-cocuk-umudu-muzikte-buldu","status":"publish","type":"post","link":"https:\/\/bihavadis.com\/index.php\/2026\/02\/01\/israil-saldirisinda-bacagini-kaybeden-filistinli-cocuk-umudu-muzikte-buldu\/","title":{"rendered":"\u0130srail sald\u0131r\u0131s\u0131nda baca\u011f\u0131n\u0131 kaybeden Filistinli \u00e7ocuk, umudu m\u00fczikte buldu"},"content":{"rendered":"<p>\u0130srail ordusunun Gazze\u2019de el-Razi Okulu\u2019nu hedef alan sald\u0131r\u0131s\u0131nda a\u011f\u0131r yaralanarak sol baca\u011f\u0131n\u0131 kaybeden 12 ya\u015f\u0131ndaki Filistinli \u00e7ocuk Abdurrahman En-Ne\u015fa\u015f, m\u00fczikle hayata tutunuyor.<\/p>\n<p><strong>HEM BACA\u011eINI HEM DE BABASINI KAYBETT\u0130<\/strong><\/p>\n<p>Sald\u0131r\u0131 s\u0131ras\u0131nda a\u011f\u0131r yaralanan Abdurrahman, ya\u015fad\u0131\u011f\u0131 bombard\u0131manda yaln\u0131zca baca\u011f\u0131n\u0131 de\u011fil, babas\u0131n\u0131 da kaybetti. K\u00fc\u00e7\u00fck ya\u015f\u0131na ra\u011fmen b\u00fcy\u00fck bir travmayla y\u00fczle\u015fmek zorunda kalan \u00e7ocuk, m\u00fczi\u011fi en b\u00fcy\u00fck tesellisi olarak g\u00f6r\u00fcyor.<\/p>\n<p><img decoding=\"async\" src=\"https:\/\/bihavadis.com\/wp-content\/uploads\/2026\/02\/israil-saldirisinda-bacagini-kaybeden-filistinli-cocuk-umudu-muzikte-buldu-0-NrLPj7ki.jpg\"\/><\/p>\n<p><strong>TEDAV\u0130 \u0130\u00c7\u0130N \u00dcRD\u00dcN&#8217;E G\u0130TT\u0130, PROTEZ BACAKLA D\u00d6ND\u00dc<\/strong><\/p>\n<p>Tedavi amac\u0131yla \u00dcrd\u00fcn\u2019e g\u00f6t\u00fcr\u00fclen Abdurrahman, burada protez bacak sahibi oldu. Ancak Gazze\u2019ye d\u00f6n\u00fc\u015f yolunda \u0130srail ordusu, yan\u0131nda bulunan udun b\u00f6lgeye sokulmas\u0131na izin vermedi. En sevdi\u011fi enstr\u00fcman\u0131ndan ayr\u0131 kalan \u00e7ocuk, buna ra\u011fmen m\u00fczikten kopmad\u0131.<\/p>\n<p><img decoding=\"async\" src=\"https:\/\/bihavadis.com\/wp-content\/uploads\/2026\/02\/israil-saldirisinda-bacagini-kaybeden-filistinli-cocuk-umudu-muzikte-buldu-1-ZSGgGfUX.jpg\"\/><\/p>\n<p><strong>YEN\u0130 UD, YEN\u0130 UMUT<\/strong><\/p>\n<p>Abdurrahman\u2019a, \u00f6\u011fretmeni taraf\u0131ndan yeni bir ud hediye edildi. K\u00fc\u00e7\u00fck \u00e7ocuk, ya\u015fad\u0131\u011f\u0131 t\u00fcm kay\u0131plara ra\u011fmen ud \u00e7alarak hem ac\u0131lar\u0131n\u0131 hafifletmeye hem de gelece\u011fe umutla bakmaya \u00e7al\u0131\u015f\u0131yor.<\/p>\n<p><img decoding=\"async\" src=\"https:\/\/bihavadis.com\/wp-content\/uploads\/2026\/02\/israil-saldirisinda-bacagini-kaybeden-filistinli-cocuk-umudu-muzikte-buldu-2-NZqYnOGc.jpg\"\/><\/p>\n<p><strong>YIKINTILAR ARASINDA HAYATA TUTUNMA M\u00dcCADELES\u0130<\/strong><\/p>\n<p>Abdurrahman En-Ne\u015fa\u015f, Gazze\u2019deki Bureyc M\u00fclteci Kamp\u0131\u2019nda a\u011f\u0131r hasar g\u00f6rm\u00fc\u015f bir binada, son derece zor ko\u015fullar alt\u0131nda ya\u015fam\u0131n\u0131 s\u00fcrd\u00fcr\u00fcyor. T\u00fcm olumsuzluklara ra\u011fmen m\u00fczik, onun i\u00e7in hem bir diren\u00e7 hem de hayata ba\u011flanma yolu olmaya devam ediyor.<\/p>\n<p><img decoding=\"async\" src=\"https:\/\/bihavadis.com\/wp-content\/uploads\/2026\/02\/israil-saldirisinda-bacagini-kaybeden-filistinli-cocuk-umudu-muzikte-buldu-3-D2wqHrwv.jpg\"\/><\/p>\n<p><img decoding=\"async\" src=\"https:\/\/bihavadis.com\/wp-content\/uploads\/2026\/02\/israil-saldirisinda-bacagini-kaybeden-filistinli-cocuk-umudu-muzikte-buldu-4-M9Itgj67.jpg\"\/><\/p>\n<p><img decoding=\"async\" src=\"https:\/\/bihavadis.com\/wp-content\/uploads\/2026\/02\/israil-saldirisinda-bacagini-kaybeden-filistinli-cocuk-umudu-muzikte-buldu-5-A8YaRqLS.jpg\"\/><\/p>\n<p><img decoding=\"async\" src=\"https:\/\/bihavadis.com\/wp-content\/uploads\/2026\/02\/israil-saldirisinda-bacagini-kaybeden-filistinli-cocuk-umudu-muzikte-buldu-6-F5Rzy7iJ.jpg\"\/><\/p>\n<p><img decoding=\"async\" src=\"https:\/\/bihavadis.com\/wp-content\/uploads\/2026\/02\/israil-saldirisinda-bacagini-kaybeden-filistinli-cocuk-umudu-muzikte-buldu-7-IR7XaM63.jpg\"\/><\/p>\n<p><img decoding=\"async\" src=\"https:\/\/bihavadis.com\/wp-content\/uploads\/2026\/02\/israil-saldirisinda-bacagini-kaybeden-filistinli-cocuk-umudu-muzikte-buldu-8-dGS2gpA3.jpg\"\/><\/p>\n<p><img decoding=\"async\" src=\"https:\/\/bihavadis.com\/wp-content\/uploads\/2026\/02\/israil-saldirisinda-bacagini-kaybeden-filistinli-cocuk-umudu-muzikte-buldu-9-mUgNqJv7.jpg\"\/><\/p>\n","protected":false},"excerpt":{"rendered":"<p>Gazze\u2019deki sald\u0131r\u0131da sol baca\u011f\u0131n\u0131 kaybeden 12 ya\u015f\u0131ndaki Abdurrahman En-Ne\u015fa\u015f, ya\u015fad\u0131\u011f\u0131 t\u00fcm ac\u0131lara ra\u011fmen ud \u00e7alarak hayata tutunmaya \u00e7al\u0131\u015f\u0131yor<\/p>\n","protected":false},"author":1,"featured_media":8920,"comment_status":"open","ping_status":"open","sticky":false,"template":"","format":"standard","meta":{"footnotes":""},"categories":[6],"tags":[2038],"class_list":["post-8919","post","type-post","status-publish","format-standard","has-post-thumbnail","hentry","category-dunya","tag-abdurrahman"],"_links":{"self":[{"href":"https:\/\/bihavadis.com\/index.php\/wp-json\/wp\/v2\/posts\/8919","targetHints":{"allow":["GET"]}}],"collection":[{"href":"https:\/\/bihavadis.com\/index.php\/wp-json\/wp\/v2\/posts"}],"about":[{"href":"https:\/\/bihavadis.com\/index.php\/wp-json\/wp\/v2\/types\/post"}],"author":[{"embeddable":true,"href":"https:\/\/bihavadis.com\/index.php\/wp-json\/wp\/v2\/users\/1"}],"replies":[{"embeddable":true,"href":"https:\/\/bihavadis.com\/index.php\/wp-json\/wp\/v2\/comments?post=8919"}],"version-history":[{"count":1,"href":"https:\/\/bihavadis.com\/index.php\/wp-json\/wp\/v2\/posts\/8919\/revisions"}],"predecessor-version":[{"id":8931,"href":"https:\/\/bihavadis.com\/index.php\/wp-json\/wp\/v2\/posts\/8919\/revisions\/8931"}],"wp:featuredmedia":[{"embeddable":true,"href":"https:\/\/bihavadis.com\/index.php\/wp-json\/wp\/v2\/media\/8920"}],"wp:attachment":[{"href":"https:\/\/bihavadis.com\/index.php\/wp-json\/wp\/v2\/media?parent=8919"}],"wp:term":[{"taxonomy":"category","embeddable":true,"href":"https:\/\/bihavadis.com\/index.php\/wp-json\/wp\/v2\/categories?post=8919"},{"taxonomy":"post_tag","embeddable":true,"href":"https:\/\/bihavadis.com\/index.php\/wp-json\/wp\/v2\/tags?post=8919"}],"curies":[{"name":"wp","href":"https:\/\/api.w.org\/{rel}","templated":true}]}}