{"id":8935,"date":"2026-02-01T00:45:04","date_gmt":"2026-02-01T00:45:04","guid":{"rendered":"https:\/\/bihavadis.com\/?p=8935"},"modified":"2026-02-01T00:45:04","modified_gmt":"2026-02-01T00:45:04","slug":"udef-uluslararasi-ogrencilerin-turkiye-deneyimlerini-raporladi","status":"publish","type":"post","link":"https:\/\/bihavadis.com\/index.php\/2026\/02\/01\/udef-uluslararasi-ogrencilerin-turkiye-deneyimlerini-raporladi\/","title":{"rendered":"UDEF &#8220;Uluslararas\u0131 \u00d6\u011frencilerin T\u00fcrkiye Deneyimlerini&#8221; Raporlad\u0131"},"content":{"rendered":"<p>Uluslararas\u0131 \u00d6\u011frenci Dernekleri Federasyonu (UDEF) ve \u0130lim K\u00fclt\u00fcr E\u011fitim Vakf\u0131 (\u0130LKE) i\u015f birli\u011fiyle haz\u0131rlanan\u00a0<em><strong>\u201cT\u00fcrkiye\u2019de Uluslararas\u0131 \u00d6\u011frencilerin E\u011fitim ve Ya\u015fam Deneyimleri Ara\u015ft\u0131rma Raporu\u201d<\/strong><\/em>, 27 Ocak 2026 Sal\u0131 g\u00fcn\u00fc Fatih Sultan Mehmet Vak\u0131f \u00dcniversitesi (FSMV\u00dc) G\u00fclhane Yerle\u015fkesi\u2019nde d\u00fczenlenen bas\u0131n toplant\u0131s\u0131yla kamuoyuna a\u00e7\u0131kland\u0131.<\/p>\n<p>Toplant\u0131da, T\u00fcrkiye\u2019de \u00f6\u011frenim g\u00f6ren uluslararas\u0131 \u00f6\u011frencilerin e\u011fitim ve g\u00fcnl\u00fck ya\u015famlar\u0131na ili\u015fkin kapsaml\u0131 bulgular payla\u015f\u0131ld\u0131. Programa akademisyenler, sivil toplum temsilcileri, kamu kurumlar\u0131ndan yetkililer ve \u00f6\u011frenciler kat\u0131ld\u0131.<\/p>\n<p><b><strong>Uluslararas\u0131 \u00d6\u011frenci Say\u0131s\u0131nda B\u00fcy\u00fck Art\u0131\u015f<\/strong><\/b><\/p>\n<p>Toplant\u0131n\u0131n a\u00e7\u0131l\u0131\u015f\u0131nda konu\u015fan UDEF Ba\u015fkan\u0131 Abdullah Muhammed \u0130slam, T\u00fcrkiye\u2019nin son on y\u0131lda uluslararas\u0131 \u00f6\u011frenci say\u0131s\u0131n\u0131 70 binden 350 bine \u00e7\u0131kard\u0131\u011f\u0131n\u0131 belirterek, yakla\u015f\u0131k 20 y\u0131ld\u0131r\u00a0T\u00fcrkiye&#8217;ye gelen uluslararas\u0131 \u00f6\u011frencilere ev sahipli\u011fi yapma gayreti i\u00e7erisinde olduklar\u0131n\u0131 s\u00f6yledi.<\/p>\n<p>\u0130LKE Vakf\u0131 Y\u00f6netim Kurulu Ba\u015fkan\u0131 Ahmet Sait \u00d6ner ise \u00e7ok k\u0131ymetli bir i\u015fbirli\u011fini m\u00fczakere edeceklerini belirterek, \u00e7al\u0131\u015fmadan \u00f6nemli bulgular elde edildi\u011fini vurgulad\u0131.<\/p>\n<p><b><strong>551 \u00d6\u011frenciyle Y\u00fcz Y\u00fcze G\u00f6r\u00fc\u015fme<\/strong><\/b><\/p>\n<p>Ara\u015ft\u0131rman\u0131n sunumunu ger\u00e7ekle\u015ftiren \u0130LKE Vakf\u0131 Y\u00f6netim Kurulu Ba\u015fkan Yard\u0131mc\u0131s\u0131 Do\u00e7. Dr. Elyasa Koytak, \u00e7al\u0131\u015fman\u0131n 551 uluslararas\u0131 \u00f6\u011frenciyle y\u00fcz y\u00fcze g\u00f6r\u00fc\u015fmeler yoluyla haz\u0131rland\u0131\u011f\u0131n\u0131 belirtti. Uluslararas\u0131 \u00f6\u011frenci say\u0131s\u0131n\u0131n artt\u0131\u011f\u0131n\u0131, bunun \u00f6nemli bir geli\u015fme oldu\u011funu vurgulayan Koytak, &#8220;2025&#8217;te 360 bine yakla\u015fan bir uluslararas\u0131 \u00f6\u011frenci say\u0131s\u0131 var. Bu \u00e7ok g\u00fczel bir geli\u015fme. Bunun giderek artaca\u011f\u0131n\u0131 da g\u00f6r\u00fcyoruz.\u201d dedi.<\/p>\n<p><b><strong>\u00d6\u011frenciler Neden T\u00fcrkiye\u2019yi Tercih Ediyor<\/strong><\/b><\/p>\n<p>Rapora g\u00f6re uluslararas\u0131 \u00f6\u011frencilerin T\u00fcrkiye\u2019yi tercih etmesinde:<\/p>\n<ul>\n<li><strong>%50,5 dini yak\u0131nl\u0131k<\/strong>,<\/p>\n<\/li>\n<li><strong>%46,6 e\u011fitim kalitesi<\/strong>,<\/p>\n<\/li>\n<li><strong>%32,5 k\u00fclt\u00fcrel yak\u0131nl\u0131k<\/strong>,<\/p>\n<\/li>\n<li><strong>%26,3 burs imk\u00e2nlar\u0131<\/strong>\u00a0\u00f6ne \u00e7\u0131kan ba\u015fl\u0131klar oldu.<\/p>\n<\/li>\n<\/ul>\n<p><strong>\u00d6\u011frenci Tercih ve Memnuniyet Verileri<\/strong><\/p>\n<p>\u00d6\u011frencilerin \u00fcniversitelerde en y\u00fcksek memnuniyet duydu\u011fu alanlar akademik kadro, k\u00fct\u00fcphaneler ve kamp\u00fcs olanaklar\u0131 olarak \u00f6l\u00e7\u00fcld\u00fc.<\/p>\n<p>Ara\u015ft\u0131rmaya g\u00f6re, uluslararas\u0131 \u00f6\u011frencilerin %41,9\u2019u T\u00fcrkiye\u2019yi yeniden tercih edece\u011fini belirtirken, %26\u2019s\u0131 tekrar tercih etmeyece\u011fini ifade etti. %32,1\u2019lik kesim ise bu konuda karars\u0131z oldu\u011funu s\u00f6yledi.<\/p>\n<p>\u00d6\u011frencilere y\u00f6neltilen \u201cT\u00fcrkiye\u2019de okumay\u0131 ba\u015fkalar\u0131na tavsiye eder misiniz?\u201d sorusuna %43,9\u2019u olumlu, %27\u2019si olumsuz yan\u0131t verirken, %29,1\u2019i karars\u0131z kald\u0131.<\/p>\n<p>Ya\u015fam memnuniyetine ili\u015fkin verilerde ise \u00f6\u011frencilerin %55\u2019i T\u00fcrkiye\u2019deki ya\u015fam\u0131ndan memnun oldu\u011funu, %15\u2019i memnun olmad\u0131\u011f\u0131n\u0131 dile getirdi.<\/p>\n<p>\u00d6te yandan \u00f6\u011frencilerin %53\u2019\u00fc T\u00fcrkiye\u2019deki ya\u015fam ko\u015fullar\u0131n\u0131 kendi \u00fclkelerine k\u0131yasla daha iyi buldu\u011funu ifade etti.<\/p>\n<p>B\u00f6lgesel da\u011f\u0131l\u0131mda en y\u00fcksek ya\u015fam memnuniyeti Asya Pasifik ve G\u00fcney Asya k\u00f6kenli \u00f6\u011frencilerde, en d\u00fc\u015f\u00fck memnuniyet ise Kuzey Afrika ve Orta Do\u011fu k\u00f6kenli \u00f6\u011frencilerde g\u00f6zlemlendi.<\/p>\n<p><b><strong>Ya\u015fam Deneyimleri ve Sorun Alanlar\u0131<\/strong><\/b><\/p>\n<p>Ara\u015ft\u0131rma, \u00f6\u011frencilerin %51,4\u2019\u00fcn\u00fcn T\u00fcrkiye\u2019deki ya\u015fam\u0131ndan memnun oldu\u011funu ortaya koyarken;bar\u0131nma sorunlar\u0131, ayr\u0131mc\u0131l\u0131k ve ikamet i\u015flemleri en yayg\u0131n zorluklar aras\u0131nda yer ald\u0131.<\/p>\n<p>Her 10 \u00f6\u011frenciden 6\u2019s\u0131 T\u00fcrkiye\u2019de ayr\u0131mc\u0131l\u0131\u011fa maruz kald\u0131\u011f\u0131n\u0131 belirtirken, raporun \u00f6neriler b\u00f6l\u00fcm\u00fcnde \u00fcniversitelerde ayr\u0131mc\u0131l\u0131\u011fa kar\u015f\u0131 etkili \u015fik\u00e2yet ve bilin\u00e7lendirme mekanizmalar\u0131n\u0131n g\u00fc\u00e7lendirilmesi gerekti\u011fi vurguland\u0131.<\/p>\n<p><b><strong>\u00dcniversitelere Y\u00f6nelik \u00c7\u0131kt\u0131lar<\/strong><\/b><\/p>\n<p>Programda ayr\u0131ca ara\u015ft\u0131rman\u0131n T\u00fcrkiye\u2019nin y\u00fcksek\u00f6\u011fretimde uluslararas\u0131la\u015fma politikalar\u0131na,<br \/>\u00a0\u00fcniversitelerin \u00f6\u011frenci destek mekanizmalar\u0131na ve ilgili kamu kurumlar\u0131na y\u00f6nelik somut \u00f6neriler sundu\u011fu ifade edildi.<\/p>\n<p>UDEF ve \u0130LKE yetkilileri, raporun yaln\u0131zca mevcut tabloyu ortaya koymakla kalmay\u0131p, uluslararas\u0131 \u00f6\u011frencilerin T\u00fcrkiye\u2019deki akademik ve sosyal deneyimlerini geli\u015ftirmeye katk\u0131 sunacak bir referans metni olaca\u011f\u0131n\u0131 belirtti.<\/p>\n<p>https:\/\/udef.org.tr\/turkiyede-uluslararasi-ogrencilerin-egitim-ve-yasam-deneyimleri-848\/<\/p>\n<p>https:\/\/www.instagram.com\/p\/DUDCyL7DGIU\/?igsh=MWx4d2NudHV3djd4eg==<\/p>\n<p>https:\/\/www.instagram.com\/p\/DUDZgAGjBrs\/?igsh=MWp3cmEyODUzcXN6ag%3D%3D<\/p>\n<p>\u00a0<\/p>\n<p>Kaynak: (BYZHA) Beyaz Haber Ajans\u0131<\/p>\n","protected":false},"excerpt":{"rendered":"<p>Uluslararas\u0131 \u00d6\u011frenci Dernekleri Federasyonu (UDEF) ve \u0130lim K\u00fclt\u00fcr E\u011fitim Vakf\u0131 (\u0130LKE) i\u015f birli\u011fiyle haz\u0131rlanan\u00a0\u201cT\u00fcrkiye\u2019de Uluslararas\u0131 \u00d6\u011frencilerin E\u011fitim ve Ya\u015fam Deneyimleri Ara\u015ft\u0131rma Raporu\u201d, 27 Ocak 2026 Sal\u0131 g\u00fcn\u00fc Fatih Sultan Mehmet Vak\u0131f \u00dcniversitesi (FSMV\u00dc) G\u00fclhane Yerle\u015fkesi\u2019nde d\u00fczenlenen bas\u0131n toplant\u0131s\u0131yla kamuoyuna a\u00e7\u0131kland\u0131.<\/p>\n","protected":false},"author":1,"featured_media":8936,"comment_status":"open","ping_status":"open","sticky":false,"template":"","format":"standard","meta":{"footnotes":""},"categories":[7],"tags":[973,1886,2041,2040,569],"class_list":["post-8935","post","type-post","status-publish","format-standard","has-post-thumbnail","hentry","category-egitim","tag-ogrenci","tag-tercih","tag-turkiyede","tag-uluslararasi-ogrenci","tag-yasam"],"_links":{"self":[{"href":"https:\/\/bihavadis.com\/index.php\/wp-json\/wp\/v2\/posts\/8935","targetHints":{"allow":["GET"]}}],"collection":[{"href":"https:\/\/bihavadis.com\/index.php\/wp-json\/wp\/v2\/posts"}],"about":[{"href":"https:\/\/bihavadis.com\/index.php\/wp-json\/wp\/v2\/types\/post"}],"author":[{"embeddable":true,"href":"https:\/\/bihavadis.com\/index.php\/wp-json\/wp\/v2\/users\/1"}],"replies":[{"embeddable":true,"href":"https:\/\/bihavadis.com\/index.php\/wp-json\/wp\/v2\/comments?post=8935"}],"version-history":[{"count":1,"href":"https:\/\/bihavadis.com\/index.php\/wp-json\/wp\/v2\/posts\/8935\/revisions"}],"predecessor-version":[{"id":8937,"href":"https:\/\/bihavadis.com\/index.php\/wp-json\/wp\/v2\/posts\/8935\/revisions\/8937"}],"wp:featuredmedia":[{"embeddable":true,"href":"https:\/\/bihavadis.com\/index.php\/wp-json\/wp\/v2\/media\/8936"}],"wp:attachment":[{"href":"https:\/\/bihavadis.com\/index.php\/wp-json\/wp\/v2\/media?parent=8935"}],"wp:term":[{"taxonomy":"category","embeddable":true,"href":"https:\/\/bihavadis.com\/index.php\/wp-json\/wp\/v2\/categories?post=8935"},{"taxonomy":"post_tag","embeddable":true,"href":"https:\/\/bihavadis.com\/index.php\/wp-json\/wp\/v2\/tags?post=8935"}],"curies":[{"name":"wp","href":"https:\/\/api.w.org\/{rel}","templated":true}]}}