{"id":8975,"date":"2026-02-01T01:18:08","date_gmt":"2026-02-01T01:18:08","guid":{"rendered":"https:\/\/bihavadis.com\/?p=8975"},"modified":"2026-02-01T01:18:08","modified_gmt":"2026-02-01T01:18:08","slug":"tokyo-camisinin-yeni-halilari-manisa-demircide-dokundu","status":"publish","type":"post","link":"https:\/\/bihavadis.com\/index.php\/2026\/02\/01\/tokyo-camisinin-yeni-halilari-manisa-demircide-dokundu\/","title":{"rendered":"Tokyo Camisi\u2019nin yeni hal\u0131lar\u0131 Manisa Demirci\u2019de dokundu"},"content":{"rendered":"<p>Japonya\u2019n\u0131n ba\u015fkenti Tokyo\u2019da 1938 y\u0131l\u0131nda in\u015fa edilen ve T\u00fcrk-\u0130slam mimarisinin \u00f6nemli temsilcilerinden biri olan Tokyo Camisi\u2019nin yenilenen hal\u0131lar\u0131, hal\u0131 dokumac\u0131l\u0131\u011f\u0131yla \u00f6ne \u00e7\u0131kan Manisa\u2019n\u0131n Demirci il\u00e7esinde haz\u0131rland\u0131.<\/p>\n<p><strong>26 YIL SONRA HALILAR YEN\u0130LEND\u0130<\/strong><\/p>\n<p>Tokyo Camisi\u2019ne 26 y\u0131l \u00f6nce hal\u0131 d\u00f6\u015feyen Demircili firma, cami y\u00f6netiminden gelen talep \u00fczerine yakla\u015f\u0131k 1,5 y\u0131l \u00f6nce yeni hal\u0131 \u00fcretimine ba\u015flad\u0131. Geleneksel y\u00f6ntemlerle s\u00fcrd\u00fcr\u00fclen \u00e7al\u0131\u015fmalar tamamlanarak toplam 800 metrekarelik hal\u0131 Tokyo\u2019ya g\u00f6nderildi.<\/p>\n<p><img decoding=\"async\" src=\"https:\/\/bihavadis.com\/wp-content\/uploads\/2026\/02\/tokyo-camisinin-yeni-halilari-manisa-demircide-dokundu-0-pfgtxBt9.jpg\"\/><\/p>\n<p><strong>OSMANLI RUM\u0130 MOT\u0130FLER\u0130 TERC\u0130H ED\u0130LD\u0130<\/strong><\/p>\n<p>Firma sahibi Ali R\u0131za \u00d6zkul, yeni hal\u0131lar\u0131n 26 y\u0131l \u00f6nce kullan\u0131lan desenlerin benzeri olarak haz\u0131rland\u0131\u011f\u0131n\u0131 belirterek, Osmanl\u0131 d\u00f6nemine ait rumi motiflerinin kullan\u0131ld\u0131\u011f\u0131n\u0131 s\u00f6yledi. Hal\u0131larda \u00f6rdekba\u015f\u0131 ye\u015fili ana renk olarak tercih edilirken, ayak basma alanlar\u0131nda bordo tonlar\u0131na yer verildi.<\/p>\n<p><img decoding=\"async\" src=\"https:\/\/bihavadis.com\/wp-content\/uploads\/2026\/02\/tokyo-camisinin-yeni-halilari-manisa-demircide-dokundu-1-HgnaBldL.jpg\"\/><\/p>\n<p><strong>TAMAMI DO\u011eAL VE Y\u00dcZDE 100 Y\u00dcN<\/strong><\/p>\n<p>Hal\u0131lar\u0131n \u00fcretiminde el eme\u011fi ve geleneksel dokuma tekniklerinin kullan\u0131ld\u0131\u011f\u0131n\u0131 ifade eden \u00d6zkul, y\u00fcnlerin reaktif boyama y\u00f6ntemiyle renklendirildi\u011fini kaydetti. Metrekare ba\u015f\u0131na yakla\u015f\u0131k 4,5 kilogram y\u00fcn kullan\u0131lan hal\u0131lar\u0131n, Yeni Zelanda y\u00fcn\u00fc kar\u0131\u015f\u0131m\u0131yla \u00fcretildi\u011fini aktard\u0131.<\/p>\n<p>Demirci\u2019de dokunan hal\u0131lar, ramazan ay\u0131na yeti\u015ftirilmek \u00fczere Tokyo Camisi\u2019ne ula\u015ft\u0131r\u0131larak d\u00f6\u015fenmeye ba\u015fland\u0131.<\/p>\n<p><img decoding=\"async\" src=\"https:\/\/bihavadis.com\/wp-content\/uploads\/2026\/02\/tokyo-camisinin-yeni-halilari-manisa-demircide-dokundu-2-Cya8kLlR.jpg\"\/><\/p>\n<p><strong>AYASOFYA VE S\u00dcLEYMAN\u0130YE&#8217;DE DE KULLANILIYOR<\/strong><\/p>\n<p>Demirci hal\u0131lar\u0131n\u0131n kalite a\u00e7\u0131s\u0131ndan kendini kan\u0131tlad\u0131\u011f\u0131n\u0131 vurgulayan \u00d6zkul, Ayasofya ve S\u00fcleymaniye Camii gibi tarihi ibadethanelerde de bu hal\u0131lar\u0131n tercih edildi\u011fini belirtti.<\/p>\n<p>\u00d6zkul, \u00f6zel y\u00fcn ve dokuma sistemi sayesinde hal\u0131lar\u0131n alev almaz, yanmaz ve g\u00fcve tutmaz \u00f6zelliklere sahip oldu\u011funu, uzun y\u0131llar kullan\u0131m \u00f6mr\u00fc sundu\u011funu s\u00f6zlerine ekledi.<\/p>\n<p><img decoding=\"async\" src=\"https:\/\/bihavadis.com\/wp-content\/uploads\/2026\/02\/tokyo-camisinin-yeni-halilari-manisa-demircide-dokundu-3-7sf5sqhM.jpg\"\/><\/p>\n","protected":false},"excerpt":{"rendered":"<p>Japonya\u2019daki T\u00fcrk-\u0130slam mimarisinin simgesi Tokyo Camisi i\u00e7in haz\u0131rlanan 800 metrekarelik hal\u0131, Osmanl\u0131 rumi motifleriyle Demirci\u2019de el eme\u011fiyle \u00fcretildi<\/p>\n","protected":false},"author":1,"featured_media":8976,"comment_status":"open","ping_status":"open","sticky":false,"template":"","format":"standard","meta":{"footnotes":""},"categories":[7],"tags":[1172,2048,2049,1780],"class_list":["post-8975","post","type-post","status-publish","format-standard","has-post-thumbnail","hentry","category-egitim","tag-cami","tag-hali","tag-tokyo","tag-yun"],"_links":{"self":[{"href":"https:\/\/bihavadis.com\/index.php\/wp-json\/wp\/v2\/posts\/8975","targetHints":{"allow":["GET"]}}],"collection":[{"href":"https:\/\/bihavadis.com\/index.php\/wp-json\/wp\/v2\/posts"}],"about":[{"href":"https:\/\/bihavadis.com\/index.php\/wp-json\/wp\/v2\/types\/post"}],"author":[{"embeddable":true,"href":"https:\/\/bihavadis.com\/index.php\/wp-json\/wp\/v2\/users\/1"}],"replies":[{"embeddable":true,"href":"https:\/\/bihavadis.com\/index.php\/wp-json\/wp\/v2\/comments?post=8975"}],"version-history":[{"count":1,"href":"https:\/\/bihavadis.com\/index.php\/wp-json\/wp\/v2\/posts\/8975\/revisions"}],"predecessor-version":[{"id":8981,"href":"https:\/\/bihavadis.com\/index.php\/wp-json\/wp\/v2\/posts\/8975\/revisions\/8981"}],"wp:featuredmedia":[{"embeddable":true,"href":"https:\/\/bihavadis.com\/index.php\/wp-json\/wp\/v2\/media\/8976"}],"wp:attachment":[{"href":"https:\/\/bihavadis.com\/index.php\/wp-json\/wp\/v2\/media?parent=8975"}],"wp:term":[{"taxonomy":"category","embeddable":true,"href":"https:\/\/bihavadis.com\/index.php\/wp-json\/wp\/v2\/categories?post=8975"},{"taxonomy":"post_tag","embeddable":true,"href":"https:\/\/bihavadis.com\/index.php\/wp-json\/wp\/v2\/tags?post=8975"}],"curies":[{"name":"wp","href":"https:\/\/api.w.org\/{rel}","templated":true}]}}