{"id":8986,"date":"2026-02-01T01:24:06","date_gmt":"2026-02-01T01:24:06","guid":{"rendered":"https:\/\/bihavadis.com\/?p=8986"},"modified":"2026-02-01T01:24:06","modified_gmt":"2026-02-01T01:24:06","slug":"baskan-cercioglu-aydinimiz-icin-calismaya-devam-ediyoruz","status":"publish","type":"post","link":"https:\/\/bihavadis.com\/index.php\/2026\/02\/01\/baskan-cercioglu-aydinimiz-icin-calismaya-devam-ediyoruz\/","title":{"rendered":"Ba\u015fkan \u00c7er\u00e7io\u011flu: Ayd\u0131n\u0131m\u0131z \u0130\u00e7in \u00c7al\u0131\u015fmaya Devam Ediyoruz"},"content":{"rendered":"<p>Ayd\u0131n B\u00fcy\u00fck\u015fehir Belediye Ba\u015fkan\u0131 \u00d6zlem \u00c7er\u00e7io\u011flu; AK Parti Ayd\u0131n \u0130l Ba\u015fkan\u0131 Mehmet Erdem, AK Parti Ayd\u0131n Milletvekili Seda Sar\u0131ba\u015f, AK Parti Efeler \u0130l\u00e7e Ba\u015fkan\u0131 O\u011fuz Kendirlio\u011flu, \u0130l Kad\u0131n Kollar\u0131 Ba\u015fkan\u0131 \u015eahika Edremit, \u0130l Gen\u00e7lik Kollar\u0131 Ba\u015fkan\u0131 \u00d6m\u00fcr \u00d6zipek ve partililer ile birlikte Efeler il\u00e7esinde yap\u0131m\u0131 devam eden yat\u0131r\u0131mlar\u0131 inceledi.<\/p>\n<p>Kentte spor, sosyal ya\u015fam ve vatanda\u015flar\u0131n ya\u015fam kalitesini art\u0131rmaya y\u00f6nelik olarak hayata ge\u00e7irilen projeleri kapsayan inceleme program\u0131 kapsam\u0131nda; yap\u0131mlar\u0131 h\u0131zla s\u00fcren ve k\u0131sa s\u00fcre i\u00e7erisinde tamamlanmas\u0131 planlanan Adnan Menderes Stadyumu, Ayd\u0131n Huzurevi Ya\u015fl\u0131 Bak\u0131m ve Rehabilitasyon Merkezi ile Ayd\u0131n B\u00fcy\u00fck\u015fehir Belediyesi taraf\u0131ndan kente kazand\u0131r\u0131lan Kapal\u0131 Spor Salonu \u015fantiyeleri ziyaret edildi.<\/p>\n<p>Devam eden \u00e7al\u0131\u015fmalar hakk\u0131nda yetkililerden detayl\u0131 bilgi al\u0131nd\u0131, projelerin son durumu ve planlanan takvim \u00fczerine de\u011ferlendirmelerde bulunuldu. Ziyaretler s\u0131ras\u0131nda yap\u0131lan yat\u0131r\u0131mlar\u0131n, Efeler il\u00e7esinin sosyal, sportif ve k\u00fclt\u00fcrel altyap\u0131s\u0131na \u00f6nemli katk\u0131lar sunaca\u011f\u0131 ifade edildi.<\/p>\n<p>Ayd\u0131n\u2019\u0131n her alanda geli\u015fimi i\u00e7in \u00e7al\u0131\u015fmalar\u0131n\u0131 s\u00fcrd\u00fcrd\u00fcklerini belirten Ba\u015fkan \u00c7er\u00e7io\u011flu, kent genelinde devam eden yat\u0131r\u0131mlar\u0131n en k\u0131sa s\u00fcrede tamamlanarak vatanda\u015flar\u0131n hizmetine sunulaca\u011f\u0131n\u0131 belirtti. Ba\u015fkan \u00c7er\u00e7io\u011flu,\u00a0<b>\u201cKentimiz i\u00e7in \u00e7al\u0131\u015fmay\u0131, hem\u015fehrilerimizi yat\u0131r\u0131mlar\u0131m\u0131z ile bulu\u015fturmay\u0131 s\u00fcrd\u00fcr\u00fcyoruz. Ayd\u0131n, hizmetlerimiz ile b\u00fcy\u00fcyor. K\u0131sa zaman i\u00e7erisinde tamamlanarak kentimize de\u011fer katacak bu \u00f6nemli projeler ile spordan sosyal ya\u015fama hayat\u0131n her alan\u0131nda vatanda\u015flar\u0131m\u0131z\u0131n yan\u0131nda olmaya devam edece\u011fiz\u201d<\/b>\u00a0ifadelerini kulland\u0131.<\/p>\n<p>\u00a0<\/p>\n<p>Kaynak: (BYZHA) Beyaz Haber Ajans\u0131<\/p>\n","protected":false},"excerpt":{"rendered":"<p>Ayd\u0131n B\u00fcy\u00fck\u015fehir Belediye Ba\u015fkan\u0131 \u00d6zlem \u00c7er\u00e7io\u011flu; AK Parti Ayd\u0131n \u0130l Ba\u015fkan\u0131 Mehmet Erdem, AK Parti Ayd\u0131n Milletvekili Seda Sar\u0131ba\u015f, AK Parti Efeler \u0130l\u00e7e Ba\u015fkan\u0131 O\u011fuz Kendirlio\u011flu, \u0130l Kad\u0131n Kollar\u0131 Ba\u015fkan\u0131 \u015eahika Edremit, \u0130l Gen\u00e7lik Kollar\u0131 Ba\u015fkan\u0131 \u00d6m\u00fcr \u00d6zipek ve partililer ile birlikte Efeler il\u00e7esinde yap\u0131m\u0131 devam eden yat\u0131r\u0131mlar\u0131 inceledi.<\/p>\n","protected":false},"author":1,"featured_media":8987,"comment_status":"open","ping_status":"open","sticky":false,"template":"","format":"standard","meta":{"footnotes":""},"categories":[4],"tags":[562,986],"class_list":["post-8986","post","type-post","status-publish","format-standard","has-post-thumbnail","hentry","category-gundem","tag-aydin","tag-baskani"],"_links":{"self":[{"href":"https:\/\/bihavadis.com\/index.php\/wp-json\/wp\/v2\/posts\/8986","targetHints":{"allow":["GET"]}}],"collection":[{"href":"https:\/\/bihavadis.com\/index.php\/wp-json\/wp\/v2\/posts"}],"about":[{"href":"https:\/\/bihavadis.com\/index.php\/wp-json\/wp\/v2\/types\/post"}],"author":[{"embeddable":true,"href":"https:\/\/bihavadis.com\/index.php\/wp-json\/wp\/v2\/users\/1"}],"replies":[{"embeddable":true,"href":"https:\/\/bihavadis.com\/index.php\/wp-json\/wp\/v2\/comments?post=8986"}],"version-history":[{"count":1,"href":"https:\/\/bihavadis.com\/index.php\/wp-json\/wp\/v2\/posts\/8986\/revisions"}],"predecessor-version":[{"id":8988,"href":"https:\/\/bihavadis.com\/index.php\/wp-json\/wp\/v2\/posts\/8986\/revisions\/8988"}],"wp:featuredmedia":[{"embeddable":true,"href":"https:\/\/bihavadis.com\/index.php\/wp-json\/wp\/v2\/media\/8987"}],"wp:attachment":[{"href":"https:\/\/bihavadis.com\/index.php\/wp-json\/wp\/v2\/media?parent=8986"}],"wp:term":[{"taxonomy":"category","embeddable":true,"href":"https:\/\/bihavadis.com\/index.php\/wp-json\/wp\/v2\/categories?post=8986"},{"taxonomy":"post_tag","embeddable":true,"href":"https:\/\/bihavadis.com\/index.php\/wp-json\/wp\/v2\/tags?post=8986"}],"curies":[{"name":"wp","href":"https:\/\/api.w.org\/{rel}","templated":true}]}}