{"id":9034,"date":"2026-02-01T02:00:12","date_gmt":"2026-02-01T02:00:12","guid":{"rendered":"https:\/\/bihavadis.com\/?p=9034"},"modified":"2026-02-01T02:00:12","modified_gmt":"2026-02-01T02:00:12","slug":"cumhurbaskani-erdogan-mesud-pezeskiyan-ile-gorustu","status":"publish","type":"post","link":"https:\/\/bihavadis.com\/index.php\/2026\/02\/01\/cumhurbaskani-erdogan-mesud-pezeskiyan-ile-gorustu\/","title":{"rendered":"Cumhurba\u015fkan\u0131 Erdo\u011fan, Mesud Peze\u015fkiyan ile g\u00f6r\u00fc\u015ft\u00fc"},"content":{"rendered":"<p>G\u00f6zler \u0130ran&#8217;da&#8230;<\/p>\n<p>\u0130ran&#8217;da ekonomik durumlardan dolay\u0131 ya\u015fanan i\u00e7 kar\u0131\u015f\u0131kl\u0131klar, AB D ile gerginli\u011fe d\u00f6nd\u00fc.\u00a0<\/p>\n<p>ABD Ba\u015fkan\u0131 Donald Trump&#8217;\u0131n g\u00f6zda\u011f\u0131 verdi\u011fi \u0130ran&#8217;daki geli\u015fmeler yak\u0131ndan takip ediliyor.\u00a0<\/p>\n<p>T\u00fcrkiye ise \u0130ran&#8217;daki geli\u015fmeleri yak\u0131n takip etmesinin yan\u0131nda da ABD ile orta yolu bulmaya \u00e7al\u0131\u015f\u0131yor.\u00a0<\/p>\n<p><strong>CUMHURBA\u015eKANI ERDO\u011eAN&#8217;DAN \u00d6NEML\u0130 G\u00d6R\u00dc\u015eME<\/strong><\/p>\n<p>Bu kapsamda\u00a0Cumhurba\u015fkan\u0131 Recep Tayyip Erdo\u011fan, \u0130ran Cumhurba\u015fkan\u0131 Mesud Peze\u015fkiyan ile bir telefon g\u00f6r\u00fc\u015fmesi ger\u00e7ekle\u015ftirdi.<\/p>\n<p>\u0130leti\u015fim Ba\u015fkanl\u0131\u011f\u0131&#8217;ndan yap\u0131lan a\u00e7\u0131klamada, \u015f\u00f6yle denildi;\u00a0<\/p>\n<p><strong>&#8220;B\u00d6LGEDE TIRMANAN ASKER\u0130 GER\u0130L\u0130M ELE ALINDI&#8221;<\/strong><\/p>\n<p><em><b>Cumhurba\u015fkan\u0131m\u0131z Say\u0131n Recep Tayyip Erdo\u011fan, \u0130ran Cumhurba\u015fkan\u0131 Mesud Peze\u015fkiyan ile bir telefon g\u00f6r\u00fc\u015fmesi ger\u00e7ekle\u015ftirdi.<\/b><\/em><\/p>\n<p><em><b> Liderler, T\u00fcrkiye &#8211; \u0130ran ikili ili\u015fkileri ile b\u00f6lgede t\u0131rmanan askeri gerilimi ele ald\u0131.<\/b><\/em><\/p>\n<p><strong>&#8220;T\u00dcRK\u0130YE ABD \u0130LE \u0130RAN ARASINDA KOLAYLA\u015eTIRICI ROL \u00dcSTLENMEYE HAZIR&#8221;<\/strong><\/p>\n<p><em><b>Cumhurba\u015fkan\u0131 Erdo\u011fan g\u00f6r\u00fc\u015fmede, gerilimin d\u00fc\u015f\u00fcr\u00fclmesi ve meselelerin \u00e7\u00f6z\u00fcme kavu\u015fturulmas\u0131 i\u00e7in T\u00fcrkiye&#8217;nin \u0130ran ile ABD aras\u0131nda kolayla\u015ft\u0131r\u0131c\u0131 rol \u00fcstlenmeye haz\u0131r oldu\u011funu vurgulad\u0131.<\/b><\/em><\/p>\n<p><strong>\u0130RAN DI\u015e\u0130\u015eLER\u0130 BAKANI&#8217;NI DA KABUL EDECEK<\/strong><\/p>\n<p><em><b> Say\u0131n Cumhurba\u015fkan\u0131m\u0131z g\u00f6r\u00fc\u015fmede, \u00fclkemizde bulunan \u0130ran D\u0131\u015fi\u015fleri Bakan\u0131n\u0131 da bug\u00fcn kabul edece\u011fini belirtti.\u00a0<\/b><\/em><\/p>\n","protected":false},"excerpt":{"rendered":"<p>Cumhurba\u015fkan\u0131 Recep Tayyip Erdo\u011fan, \u0130ran Cumhurba\u015fkan\u0131 Mesud Peze\u015fkiyan ile bir telefon g\u00f6r\u00fc\u015fmesi ger\u00e7ekle\u015ftirdi.<\/p>\n","protected":false},"author":1,"featured_media":9035,"comment_status":"open","ping_status":"open","sticky":false,"template":"","format":"standard","meta":{"footnotes":""},"categories":[9,13],"tags":[1297,435,271],"class_list":["post-9034","post","type-post","status-publish","format-standard","has-post-thumbnail","hentry","category-genel","category-son-dakika","tag-cumhurbaskani","tag-gorusme","tag-iran"],"_links":{"self":[{"href":"https:\/\/bihavadis.com\/index.php\/wp-json\/wp\/v2\/posts\/9034","targetHints":{"allow":["GET"]}}],"collection":[{"href":"https:\/\/bihavadis.com\/index.php\/wp-json\/wp\/v2\/posts"}],"about":[{"href":"https:\/\/bihavadis.com\/index.php\/wp-json\/wp\/v2\/types\/post"}],"author":[{"embeddable":true,"href":"https:\/\/bihavadis.com\/index.php\/wp-json\/wp\/v2\/users\/1"}],"replies":[{"embeddable":true,"href":"https:\/\/bihavadis.com\/index.php\/wp-json\/wp\/v2\/comments?post=9034"}],"version-history":[{"count":1,"href":"https:\/\/bihavadis.com\/index.php\/wp-json\/wp\/v2\/posts\/9034\/revisions"}],"predecessor-version":[{"id":9036,"href":"https:\/\/bihavadis.com\/index.php\/wp-json\/wp\/v2\/posts\/9034\/revisions\/9036"}],"wp:featuredmedia":[{"embeddable":true,"href":"https:\/\/bihavadis.com\/index.php\/wp-json\/wp\/v2\/media\/9035"}],"wp:attachment":[{"href":"https:\/\/bihavadis.com\/index.php\/wp-json\/wp\/v2\/media?parent=9034"}],"wp:term":[{"taxonomy":"category","embeddable":true,"href":"https:\/\/bihavadis.com\/index.php\/wp-json\/wp\/v2\/categories?post=9034"},{"taxonomy":"post_tag","embeddable":true,"href":"https:\/\/bihavadis.com\/index.php\/wp-json\/wp\/v2\/tags?post=9034"}],"curies":[{"name":"wp","href":"https:\/\/api.w.org\/{rel}","templated":true}]}}