{"id":9116,"date":"2026-02-01T03:03:09","date_gmt":"2026-02-01T03:03:09","guid":{"rendered":"https:\/\/bihavadis.com\/?p=9116"},"modified":"2026-02-01T03:03:09","modified_gmt":"2026-02-01T03:03:09","slug":"kitre-bebek-sanatiyla-turkiyenin-yasayan-hazinesi-oldu","status":"publish","type":"post","link":"https:\/\/bihavadis.com\/index.php\/2026\/02\/01\/kitre-bebek-sanatiyla-turkiyenin-yasayan-hazinesi-oldu\/","title":{"rendered":"Kitre bebek sanat\u0131yla T\u00fcrkiye\u2019nin &#8216;ya\u015fayan hazinesi&#8217; oldu"},"content":{"rendered":"<p>\u0130zmir\u2019de ya\u015fayan ve folklorik kitre bebek sanat\u0131yla Anadolu\u2019nun geleneksel k\u0131yafetlerini ya\u015fatan Emine Polat, Cumhurba\u015fkan\u0131 Recep Tayyip Erdo\u011fan taraf\u0131ndan \u201cYa\u015fayan \u0130nsan Hazinesi\u201d \u00f6d\u00fcl\u00fcne lay\u0131k g\u00f6r\u00fcld\u00fc. 74 ya\u015f\u0131ndaki sanat\u00e7\u0131, kendi kendine \u00f6\u011frendi\u011fi bu \u00f6zel sanat dal\u0131n\u0131 gelecek ku\u015faklara aktarmak i\u00e7in \u00e7al\u0131\u015fmalar\u0131n\u0131 s\u00fcrd\u00fcr\u00fcyor.<\/p>\n<p><strong>BE\u015eTEPE&#8217;DE ANLAMLI \u00d6D\u00dcL<\/strong><\/p>\n<p>K\u00fclt\u00fcr ve Turizm Bakanl\u0131\u011f\u0131 taraf\u0131ndan 20 Ocak\u2019ta Ankara Be\u015ftepe Millet Kongre ve K\u00fclt\u00fcr Merkezi\u2019nde d\u00fczenlenen \u201c\u00d6zel \u00d6d\u00fcller ve Ya\u015fayan \u0130nsan Hazineleri \u00d6d\u00fclleri Takdim T\u00f6reni\u201dnde, Somut Olmayan K\u00fclt\u00fcrel Miras Ta\u015f\u0131y\u0131c\u0131s\u0131 unvan\u0131 alan Emine Polat, \u00f6d\u00fcl\u00fcn\u00fc Cumhurba\u015fkan\u0131 Erdo\u011fan\u2019\u0131n elinden ald\u0131. T\u00fcrkiye genelinde bu unvana sahip 102 ki\u015fiden biri olan Polat, folklorik kitre bebek sanat\u0131 alan\u0131ndaki \u00e7al\u0131\u015fmalar\u0131yla dikkat \u00e7ekiyor.<\/p>\n<p><img decoding=\"async\" src=\"https:\/\/bihavadis.com\/wp-content\/uploads\/2026\/02\/kitre-bebek-sanatiyla-turkiyenin-yasayan-hazinesi-oldu-0-ZZX4345B.jpg\"\/><\/p>\n<p><strong>&#8220;GURUR VE MUTLULU\u011eU B\u0130R ARADA YA\u015eADIM&#8221;<\/strong><\/p>\n<p>Ald\u0131\u011f\u0131 \u00f6d\u00fcl\u00fcn kendisi i\u00e7in b\u00fcy\u00fck bir onur oldu\u011funu dile getiren Polat, duygular\u0131n\u0131 \u015fu s\u00f6zlerle ifade etti:<\/p>\n<p>Cumhurba\u015fkan\u0131m\u0131z\u0131n elinden \u00f6d\u00fcl almak tarif edilemez bir mutluluk. Herkese nasip olmuyor. T\u00fcrkiye\u2019de bu unvana sahip 102 ki\u015fiden biri olmak beni \u00e7ok gururland\u0131rd\u0131. Dosyam\u0131 haz\u0131rlarken kabul edilip edilmeyece\u011fini bilmiyordum. Arand\u0131\u011f\u0131mda \u00e7ok sevindim.<\/p>\n<p><img decoding=\"async\" src=\"https:\/\/bihavadis.com\/wp-content\/uploads\/2026\/02\/kitre-bebek-sanatiyla-turkiyenin-yasayan-hazinesi-oldu-1-RlfDGQH1.jpg\"\/><\/p>\n<p><strong>USTASI OLMADAN \u00d6\u011eREND\u0130<\/strong><\/p>\n<p>K\u0131z Meslek Lisesi mezunu oldu\u011funu ancak kitre bebek sanat\u0131n\u0131 okulda \u00f6\u011frenmedi\u011fini belirten Polat, bu alandaki yolculu\u011funu kendi \u00e7abas\u0131yla \u015fekillendirdi. 2004 y\u0131l\u0131nda bir yar\u0131\u015fma program\u0131na kat\u0131lmas\u0131yla sanat\u0131n\u0131 geli\u015ftirdi\u011fini anlatan Polat, o d\u00f6nem kaynak ve internet imk\u00e2nlar\u0131n\u0131n k\u0131s\u0131tl\u0131 olmas\u0131 nedeniyle b\u00fcy\u00fck zorluklar ya\u015fad\u0131\u011f\u0131n\u0131 s\u00f6yledi. \u0130zmir y\u00f6resine ait k\u0131yafetleri do\u011fru \u015fekilde yans\u0131tabilmek i\u00e7in Ege \u00dcniversitesi Halk Oyunlar\u0131 B\u00f6l\u00fcm\u00fc\u2019nden destek ald\u0131\u011f\u0131n\u0131 da belirtti.<\/p>\n<p><img decoding=\"async\" src=\"https:\/\/bihavadis.com\/wp-content\/uploads\/2026\/02\/kitre-bebek-sanatiyla-turkiyenin-yasayan-hazinesi-oldu-2-ydPffs5T.jpg\"\/><\/p>\n<p><strong>15 PAR\u00c7ALIK EFE KIYAFET\u0130 BEBEKLERLE YA\u015eATILIYOR<\/strong><\/p>\n<p>Kitre bebek sanat\u0131n\u0131n yaln\u0131zca T\u00fcrkiye\u2019ye \u00f6zg\u00fc bir \u00e7al\u0131\u015fma oldu\u011funu vurgulayan Polat, bu sanat\u0131n k\u00fclt\u00fcrel bir bellek ta\u015f\u0131d\u0131\u011f\u0131na dikkat \u00e7ekti. <b><em>\u201cBir efenin \u00fczerinde 15 par\u00e7adan olu\u015fan k\u0131yafet bulunuyor. G\u00fcnl\u00fck hayatta bunlar\u0131 g\u00f6rmek art\u0131k zor ama biz bebekler arac\u0131l\u0131\u011f\u0131yla bu k\u00fclt\u00fcr\u00fc ya\u015fat\u0131yoruz\u201d<\/em><\/b> diyen Polat, eserlerinin Bulgaristan ve Fransa\u2019daki etkinliklerde de b\u00fcy\u00fck ilgi g\u00f6rd\u00fc\u011f\u00fcn\u00fc ifade etti.<\/p>\n<p><img decoding=\"async\" src=\"https:\/\/bihavadis.com\/wp-content\/uploads\/2026\/02\/kitre-bebek-sanatiyla-turkiyenin-yasayan-hazinesi-oldu-3-vz6JhAz5.jpg\"\/><\/p>\n<p><strong>GEN\u00c7LERDEN YO\u011eUN \u0130LG\u0130<\/strong><\/p>\n<p>Son y\u0131llarda kitre bebek sanat\u0131na olan ilginin artt\u0131\u011f\u0131n\u0131 belirten Polat, Olgunla\u015fma Enstit\u00fcleri ve \u00fcniversitelerin g\u00fczel sanatlar b\u00f6l\u00fcmlerinden s\u0131k s\u0131k talep ald\u0131\u011f\u0131n\u0131 s\u00f6yledi. Gen\u00e7lerin bu sanata y\u00f6nelmesinden memnuniyet duydu\u011funu dile getiren Polat, Ege \u00dcniversitesi Emel Ak\u0131n Meslek Y\u00fcksekokulu\u2019nda bir d\u00f6nem ders verdi\u011fini de aktard\u0131.<\/p>\n<p><img decoding=\"async\" src=\"https:\/\/bihavadis.com\/wp-content\/uploads\/2026\/02\/kitre-bebek-sanatiyla-turkiyenin-yasayan-hazinesi-oldu-4-yMkfYOyj.jpg\"\/><\/p>\n<p><strong>ERZ\u0130NCAN K\u00dcLT\u00dcR\u00dc DE BEBEKLERLE ANLATILIYOR<\/strong><\/p>\n<p>\u00c7al\u0131\u015fmalar\u0131n\u0131 k\u00fclt\u00fcr\u00fc ya\u015fatma amac\u0131yla s\u00fcrd\u00fcrd\u00fc\u011f\u00fcn\u00fc ifade eden Polat, memleketi Erzincan\u2019a ait fig\u00fcrler \u00fczerinde de \u00e7al\u0131\u015ft\u0131\u011f\u0131n\u0131 s\u00f6yledi. Erzincan ketesi yapan fig\u00fcrler haz\u0131rlad\u0131\u011f\u0131n\u0131 belirten Polat, bu eserleri sergilenmek \u00fczere Erzincan K\u00fclt\u00fcr M\u00fcd\u00fcrl\u00fc\u011f\u00fc\u2019ne teslim etti\u011fini kaydetti.<\/p>\n<p><img decoding=\"async\" src=\"https:\/\/bihavadis.com\/wp-content\/uploads\/2026\/02\/kitre-bebek-sanatiyla-turkiyenin-yasayan-hazinesi-oldu-5-H99OUI77.jpg\"\/><\/p>\n<p><img decoding=\"async\" src=\"https:\/\/bihavadis.com\/wp-content\/uploads\/2026\/02\/kitre-bebek-sanatiyla-turkiyenin-yasayan-hazinesi-oldu-6-uOAuui1m.jpg\"\/><\/p>\n","protected":false},"excerpt":{"rendered":"<p>Anadolu k\u00fclt\u00fcr\u00fcn\u00fc folklorik bebeklerle gelece\u011fe ta\u015f\u0131yan Emine Polat, unutulmaya y\u00fcz tutmu\u015f sanat\u0131 d\u00fcnyaya tan\u0131t\u0131yor<\/p>\n","protected":false},"author":1,"featured_media":9117,"comment_status":"open","ping_status":"open","sticky":false,"template":"","format":"standard","meta":{"footnotes":""},"categories":[7],"tags":[121,952,2073,1258],"class_list":["post-9116","post","type-post","status-publish","format-standard","has-post-thumbnail","hentry","category-egitim","tag-kultur","tag-odul","tag-polat","tag-sanat"],"_links":{"self":[{"href":"https:\/\/bihavadis.com\/index.php\/wp-json\/wp\/v2\/posts\/9116","targetHints":{"allow":["GET"]}}],"collection":[{"href":"https:\/\/bihavadis.com\/index.php\/wp-json\/wp\/v2\/posts"}],"about":[{"href":"https:\/\/bihavadis.com\/index.php\/wp-json\/wp\/v2\/types\/post"}],"author":[{"embeddable":true,"href":"https:\/\/bihavadis.com\/index.php\/wp-json\/wp\/v2\/users\/1"}],"replies":[{"embeddable":true,"href":"https:\/\/bihavadis.com\/index.php\/wp-json\/wp\/v2\/comments?post=9116"}],"version-history":[{"count":1,"href":"https:\/\/bihavadis.com\/index.php\/wp-json\/wp\/v2\/posts\/9116\/revisions"}],"predecessor-version":[{"id":9125,"href":"https:\/\/bihavadis.com\/index.php\/wp-json\/wp\/v2\/posts\/9116\/revisions\/9125"}],"wp:featuredmedia":[{"embeddable":true,"href":"https:\/\/bihavadis.com\/index.php\/wp-json\/wp\/v2\/media\/9117"}],"wp:attachment":[{"href":"https:\/\/bihavadis.com\/index.php\/wp-json\/wp\/v2\/media?parent=9116"}],"wp:term":[{"taxonomy":"category","embeddable":true,"href":"https:\/\/bihavadis.com\/index.php\/wp-json\/wp\/v2\/categories?post=9116"},{"taxonomy":"post_tag","embeddable":true,"href":"https:\/\/bihavadis.com\/index.php\/wp-json\/wp\/v2\/tags?post=9116"}],"curies":[{"name":"wp","href":"https:\/\/api.w.org\/{rel}","templated":true}]}}