{"id":9198,"date":"2026-02-01T04:00:40","date_gmt":"2026-02-01T04:00:40","guid":{"rendered":"https:\/\/bihavadis.com\/?p=9198"},"modified":"2026-02-01T04:00:40","modified_gmt":"2026-02-01T04:00:40","slug":"yuzyilin-konut-projesi-kapsaminda-nigdede-insa-edilecek-konutlarin-hak-sahipleri-kurayla-belirlendi","status":"publish","type":"post","link":"https:\/\/bihavadis.com\/index.php\/2026\/02\/01\/yuzyilin-konut-projesi-kapsaminda-nigdede-insa-edilecek-konutlarin-hak-sahipleri-kurayla-belirlendi\/","title":{"rendered":"Y\u00fczy\u0131l\u0131n Konut Projesi kapsam\u0131nda Ni\u011fde&#8217;de in\u015fa edilecek konutlar\u0131n hak sahipleri kurayla belirlendi"},"content":{"rendered":"<p> Ni\u011fde&#8217;de Y\u00fczy\u0131l\u0131n Konut Projesi kapsam\u0131nda in\u015fa edilecek 2 bin 604 konutun hak sahibi, \u00e7ekilen kurayla belirlendi.<\/p>\n<p>Ni\u011fde Belediyesi Haz\u0131m Tepeyran K\u00fclt\u00fcr Merkezi&#8217;nde ger\u00e7ekle\u015ftirilen kura \u00e7ekim t\u00f6reni, \u0130stiklal Mar\u015f\u0131 ve Cumhurba\u015fkan\u0131 Recep Tayyip Erdo\u011fan&#8217;\u0131n mesaj\u0131n\u0131n okunmas\u0131yla ba\u015flad\u0131.<\/p>\n<p>Vali Nedim Akme\u015fe, t\u00f6rende yapt\u0131\u011f\u0131 konu\u015fmada, projeyle dar ve orta gelirli vatanda\u015flar\u0131n y\u00fcksek kira ile artan konut maliyetleri kar\u015f\u0131s\u0131nda g\u00fcvenli bir yuva sahibi olabilmelerinin ama\u00e7land\u0131\u011f\u0131n\u0131 s\u00f6yledi.<\/p>\n<p>Vatanda\u015flar\u0131n uzun vadeli ve eri\u015filebilir \u00f6deme imkanlar\u0131n\u0131n oldu\u011funu belirten Akme\u015fe, altyap\u0131s\u0131 tamamlanm\u0131\u015f, depreme dayan\u0131kl\u0131 ve sa\u011fl\u0131kl\u0131 konutlar yap\u0131laca\u011f\u0131n\u0131 ifade etti.<\/p>\n<p>Akme\u015fe, projenin aile b\u00fct\u00e7esine ve sosyal hayata katk\u0131 sundu\u011funu dile getirdi.<\/p>\n<p>Projenin kentin planl\u0131 geli\u015fimini ve ya\u015fam kalitesini art\u0131ran \u00f6nemli bir \u00e7al\u0131\u015fma oldu\u011funu vurgulayan Akme\u015fe, &#8220;Kent genelinde y\u00fcr\u00fct\u00fclen projelere 20 bin 953 vatanda\u015f\u0131m\u0131z ge\u00e7erli ba\u015fvuruda bulunmu\u015f, bug\u00fcn ger\u00e7ekle\u015ftirilecek kura \u00e7ekimi neticesinde 2 bin 604 hem\u015fehrimiz hak sahibi olarak belirlenecektir. Kura s\u00fcreci noter huzurunda, \u015feffafl\u0131k ve e\u015fitlik ilkeleri \u00e7er\u00e7evesinde y\u00fcr\u00fct\u00fclmektedir. Hak sahibi olarak belirlenecek vatanda\u015flar\u0131m\u0131za \u015fimdiden hay\u0131rl\u0131 olmas\u0131n\u0131 diliyorum.&#8221; dedi.<\/p>\n<p>\u00c7evre, \u015eehircilik ve \u0130klim De\u011fi\u015fikli\u011fi Bakanl\u0131\u011f\u0131 Personel Genel M\u00fcd\u00fcr\u00fc Halil Erdo\u011fan da yap\u0131lacak konutlar\u0131n hay\u0131rl\u0131 olmas\u0131 temennisinde bulunarak, &#8220;Her ilimizde ayn\u0131 heyecan\u0131, ayn\u0131 co\u015fkuyu g\u00f6r\u00fcyoruz. Bug\u00fcn 2 bin 604 vatanda\u015f\u0131m\u0131z\u0131n kura \u00e7ekimini ger\u00e7ekle\u015ftirece\u011fiz. Ni\u011fde ve il\u00e7elerinde 20 bini a\u015fk\u0131n vatanda\u015f\u0131m\u0131z\u0131n bu projeye ba\u015fvurmas\u0131, milletimizin devlete ve TOK\u0130&#8217;ye olan g\u00fcvenini g\u00f6steriyor.&#8221; diye konu\u015ftu.<\/p>\n<p>TOK\u0130 \u0130stanbul Planlama ve Projeler Dairesi Ba\u015fkan\u0131 Serhat G\u00fcnkan ise t\u00f6renin hay\u0131rl\u0131 olmas\u0131n\u0131 temenni ederek, konut \u00e7al\u0131\u015fmalar\u0131n\u0131n s\u00fcrece\u011fini vurgulad\u0131.<\/p>\n<p>AK Parti Ni\u011fde Milletvekili Cevahir Uzkurt ve Belediye Ba\u015fkan\u0131 Emrah \u00d6zdemir de kura t\u00f6reninin hay\u0131rl\u0131 olmas\u0131 temennisinde bulundu.<\/p>\n<p>Konu\u015fmalar\u0131n ard\u0131ndan \u00e7ekilen kuralarla hak sahipleri belirlendi.<\/p>\n<p>T\u00f6rene, Ni\u011fde \u00d6mer Halisdemir \u00dcniversitesi Rekt\u00f6r\u00fc Prof. Dr. Hasan Uslu, AK Parti \u0130l Ba\u015fkan\u0131 Hac\u0131 Mehmet Eren, MHP \u0130l Ba\u015fkan\u0131 Aytekin T\u00fckenmez, vatanda\u015flar ve di\u011fer ilgililer kat\u0131ld\u0131.<\/p>\n","protected":false},"excerpt":{"rendered":"<p>Ni\u011fde&#8217;de Y\u00fczy\u0131l\u0131n Konut Projesi kapsam\u0131nda in\u015fa edilecek 2 bin 604 konutun hak sahibi, \u00e7ekilen kurayla belirlendi.<\/p>\n","protected":false},"author":1,"featured_media":9199,"comment_status":"open","ping_status":"open","sticky":false,"template":"","format":"standard","meta":{"footnotes":""},"categories":[8],"tags":[818,1880,2066],"class_list":["post-9198","post","type-post","status-publish","format-standard","has-post-thumbnail","hentry","category-ekonomi","tag-konut","tag-kura","tag-nigde"],"_links":{"self":[{"href":"https:\/\/bihavadis.com\/index.php\/wp-json\/wp\/v2\/posts\/9198","targetHints":{"allow":["GET"]}}],"collection":[{"href":"https:\/\/bihavadis.com\/index.php\/wp-json\/wp\/v2\/posts"}],"about":[{"href":"https:\/\/bihavadis.com\/index.php\/wp-json\/wp\/v2\/types\/post"}],"author":[{"embeddable":true,"href":"https:\/\/bihavadis.com\/index.php\/wp-json\/wp\/v2\/users\/1"}],"replies":[{"embeddable":true,"href":"https:\/\/bihavadis.com\/index.php\/wp-json\/wp\/v2\/comments?post=9198"}],"version-history":[{"count":1,"href":"https:\/\/bihavadis.com\/index.php\/wp-json\/wp\/v2\/posts\/9198\/revisions"}],"predecessor-version":[{"id":9200,"href":"https:\/\/bihavadis.com\/index.php\/wp-json\/wp\/v2\/posts\/9198\/revisions\/9200"}],"wp:featuredmedia":[{"embeddable":true,"href":"https:\/\/bihavadis.com\/index.php\/wp-json\/wp\/v2\/media\/9199"}],"wp:attachment":[{"href":"https:\/\/bihavadis.com\/index.php\/wp-json\/wp\/v2\/media?parent=9198"}],"wp:term":[{"taxonomy":"category","embeddable":true,"href":"https:\/\/bihavadis.com\/index.php\/wp-json\/wp\/v2\/categories?post=9198"},{"taxonomy":"post_tag","embeddable":true,"href":"https:\/\/bihavadis.com\/index.php\/wp-json\/wp\/v2\/tags?post=9198"}],"curies":[{"name":"wp","href":"https:\/\/api.w.org\/{rel}","templated":true}]}}