{"id":9325,"date":"2026-02-01T05:36:05","date_gmt":"2026-02-01T05:36:05","guid":{"rendered":"https:\/\/bihavadis.com\/?p=9325"},"modified":"2026-02-01T05:36:05","modified_gmt":"2026-02-01T05:36:05","slug":"destici-biz-sadece-parti-degil-milletiz","status":"publish","type":"post","link":"https:\/\/bihavadis.com\/index.php\/2026\/02\/01\/destici-biz-sadece-parti-degil-milletiz\/","title":{"rendered":"Destici: Biz sadece parti de\u011fil, milletiz"},"content":{"rendered":"<p>\n<p>B\u00dcY\u00dcK Birlik Partisi (BBP) Genel Ba\u015fkan\u0131 Mustafa Destici, &#8220;33&#8217;\u00fcnc\u00fc y\u0131l\u0131m\u0131zda s\u00f6z veriyoruz. \u00c7ocuklar\u0131m\u0131za uzanan ellere idam ipini ge\u00e7irmedik\u00e7e, emeklimizin sofras\u0131na hakk\u0131 olan ekme\u011fi koymad\u0131k\u00e7a bize rahat ve uyku haramd\u0131r. Biz B\u00fcy\u00fck Birlik&#8217;iz, biz milletin vicdan\u0131y\u0131z. B\u00fcy\u00fck Birlik Partisi sadece bir parti de\u011fil, T\u00fcrk milletinin ta kendisidir. G\u00fcne\u015f do\u011facak, adalet gelecek, milletin y\u00fcz\u00fc g\u00fclecek. Ne mutlu T\u00fcrk&#8217;\u00fcm diyenler kazanacakt\u0131r&#8221; dedi.<\/p>\n<p>BBP Genel Ba\u015fkan\u0131 Mustafa Destici, partisinin 33&#8217;\u00fcnc\u00fc kurulu\u015f y\u0131l d\u00f6n\u00fcm\u00fc dolay\u0131s\u0131yla BBP kurucu lideri Muhsin Yaz\u0131c\u0131o\u011flu&#8217;nun Taceddin Dergah\u0131nda bulunan kabrini ziyaret etti. Destici daha sonra, bir otelde d\u00fczenlenen kurulu\u015f y\u0131l d\u00f6n\u00fcm\u00fc program\u0131na kat\u0131ld\u0131. Programa, AK Parti Genel Ba\u015fkan Yard\u0131mc\u0131s\u0131 Mustafa Elita\u015f, CHP Ankara Milletvekili Adnan Beker, Yeniden Refah Partisi Genel Ba\u015fkan Yard\u0131mc\u0131s\u0131 Mehmet Alt\u0131n\u00f6z, Hak \u0130\u015f Genel Ba\u015fkan\u0131 Mahmut Arslan, STK \u00fcyeleri ve partililer ile \u00e7ok say\u0131da davetli kat\u0131ld\u0131. <\/p>\n<p>Programda, Cumhurba\u015fkan\u0131 Recep Tayyip Erdo\u011fan&#8217;\u0131n g\u00f6nderdi\u011fi kutlama mesaj\u0131 okundu. Erdo\u011fan, mesaj\u0131nda BBP&#8217;nin 33&#8217;\u00fcnc\u00fc kurulu\u015f y\u0131l d\u00f6n\u00fcm\u00fcn\u00fc tebrik etti.<\/p>\n<p>Destici, programda yapt\u0131\u011f\u0131 konu\u015fmada, &#8220;Geride b\u0131rakt\u0131\u011f\u0131m\u0131z 33 y\u0131lda, siyasete, devlet y\u00f6netimine ve sosyal hayata dair say\u0131s\u0131z de\u011fi\u015fimi ya\u015fad\u0131\u011f\u0131m\u0131z \u00fclkemizde B\u00fcy\u00fck Birlik Partisi, inan\u00e7lar\u0131nda, m\u00fccadelesinde, \u00e7izgisinde hi\u00e7bir k\u0131r\u0131kl\u0131k olmadan var oldu ve sizlerin gayreti milletimizin deste\u011fiyle daha g\u00fc\u00e7l\u00fc bir \u015fekilde var olmaya devam edecektir. B\u00fcy\u00fck Birlik Partisi var oldu\u011fu 33 y\u0131l boyunca s\u0131rt\u0131n\u0131 sadece milletine ve milletinin de\u011ferlerine dayad\u0131. B\u00fcy\u00fck Birlik Partisi var oldu\u011fu 33 y\u0131l boyunca T\u00fcrk Milleti&#8217;nin tarihi misyonuna ba\u011fl\u0131l\u0131ktan, T\u00fcrk ve \u0130slam Birli\u011fi \u00fclk\u00fcs\u00fcnden, hi\u00e7bir zaman vazge\u00e7medi. K\u00fcresel emperyalizmin, b\u00f6lgemizi ve t\u00fcm d\u00fcnyay\u0131 s\u00f6m\u00fcrmek i\u00e7in kurgulad\u0131\u011f\u0131, bug\u00fcn b\u00f6lgemizde ve d\u00fcnyada ya\u015fanan neredeyse t\u00fcm problemlerin temelini olu\u015fturan politikalar\u0131n biz hep kar\u015f\u0131s\u0131nda olduk. B\u00fcy\u00fck Birlik Partisi, kuruldu\u011fu g\u00fcnden bug\u00fcne, milletimizin inan\u00e7lar\u0131n\u0131n ve de\u011ferlerinin kalesi oldu, olmaya devam edecektir. \u00d6ncelikle \u015fehit liderimiz Muhsin Ba\u015fkan\u0131m\u0131z\u0131 ve onunla birlikte \u015fehadete y\u00fcr\u00fcyen karde\u015flerimizi bir kez daha rahmetle, minnetle ve \u015f\u00fckranla yad ediyorum. Ruhlar\u0131 \u015fad olsun, mekanlar\u0131 cennet olsun&#8221; dedi. <\/p>\n<p>Destici, ter\u00f6r\u00fcn hi\u00e7bir insani de\u011feri olmad\u0131\u011f\u0131n\u0131 s\u00f6yleyerek, &#8220;Milletimiz, \u00e7ok uzun y\u0131llar boyunca, varl\u0131\u011f\u0131na y\u00f6nelen ter\u00f6r eylemlerine maruz kald\u0131 ve ter\u00f6r\u00fcn en ac\u0131mas\u0131z, en i\u011fren\u00e7, en korkun\u00e7 \u00f6rneklerine \u015fahit oldu. B\u00fcy\u00fck bedeller \u00f6deyerek ter\u00f6rle m\u00fccadele ettik ve her seferinde galip geldik. Bir ter\u00f6r \u00f6rg\u00fct\u00fcn\u00fcn siyasalla\u015fmaya \u00e7al\u0131\u015fmas\u0131 ya da bir b\u00f6lgeyi i\u015fgal etmesi ter\u00f6r\u00fc ya da ter\u00f6r \u00f6rg\u00fct\u00fcn\u00fc me\u015fru k\u0131lmaz, i\u015fledi\u011fi su\u00e7lar\u0131n yok say\u0131lmas\u0131na gerek\u00e7e yap\u0131lamaz. Yeni kurulmu\u015f Suriye y\u00f6netiminin s\u0131n\u0131rlar\u0131 zorlayan ho\u015fg\u00f6r\u00fc ve tahamm\u00fcl\u00fcne ra\u011fmen, T\u00fcrkiye&#8217;nin t\u00fcm uyar\u0131lar\u0131na kar\u015f\u0131n, PKK&#8217;n\u0131n Suriye kolu SDG&#8217;nin anla\u015fmalara uymamas\u0131 ve sivillere y\u00f6nelik sald\u0131r\u0131lar\u0131n\u0131n devam etmesi, Suriye&#8217;nin SDG&#8217;ye m\u00fcdahalesiyle sonu\u00e7land\u0131. DEM&#8217;liler kanlar\u0131n\u0131n son damlas\u0131na kadar savunacaklar\u0131n\u0131 s\u00f6ylediler. Biz de dedik ve yine diyoruz ki, kim PKK-YPG-SDG&#8217;yi savunmak istiyorsa buyursun gitsin, kap\u0131 a\u00e7\u0131k ama giderken geri d\u00f6nmemek \u00fczere gidecekler. T\u00fcrkiye Cumhuriyeti pasaportunu ve kimliklerini b\u0131rak\u0131p gidecekler. T\u00fcrkiye&#8217;de ise devletimizin, h\u00fck\u00fcmetin Cumhur ittifak\u0131m\u0131z\u0131n kararl\u0131 duru\u015funa kar\u015f\u0131n ba\u015fta PKK uzant\u0131s\u0131 DEM s\u00f6zc\u00fcleri olmak \u00fczere maalesef Ana Muhalefetin Grup Ba\u015fkan Vekili, DEM&#8217;liler ile yapt\u0131\u011f\u0131 ortak bas\u0131n toplant\u0131s\u0131nda PKK-SGD&#8217;ye yap\u0131lan operasyonlara kar\u015f\u0131 \u00e7\u0131kt\u0131. Bunun T\u00fcrkiye&#8217;ye yans\u0131mas\u0131 olaca\u011f\u0131n\u0131 s\u00f6ylediler. Bu s\u00f6z\u00fcn a\u00e7\u0131l\u0131m\u0131 nedir; &#8216;T\u00fcrkiye&#8217;de eylem yapar\u0131z. T\u00fcrkiye&#8217;yi kar\u0131\u015ft\u0131r\u0131r\u0131z. T\u00fcrkiye&#8217;de ter\u00f6r hareketleri tekrar ba\u015flar&#8217; gibi tehditkar c\u00fcmleler kurdular. Ama sand\u0131lar ki d\u00fcnk\u00fc d\u00fczen var. Art\u0131k d\u00fcnk\u00fc d\u00fczen yok. \u015earts\u0131z, pazarl\u0131ks\u0131z, m\u00fczakeresiz silahlar\u0131n\u0131z\u0131 b\u0131rak\u0131rs\u0131n\u0131z ya da boynunuza devletin ilmi\u011fi ve balyozu kafan\u0131za ge\u00e7er. Suriye&#8217;de de ayn\u0131 \u015fey ge\u00e7erlidir. Sand\u0131lar ki burada bir devlet kuraca\u011f\u0131z. Bir ter\u00f6r devleti. Maalesef bunu yaparken de hep K\u00fcrt kimli\u011fini kulland\u0131lar. K\u00fcrt karde\u015flerimizi kendi emperyal ve Siyonist emellerine alet etmeye kalkt\u0131lar. A\u00e7\u0131k y\u00fcreklilikle hayk\u0131r\u0131yoruz. K\u00fcrtler bizim karde\u015fimiz, PKK ve ter\u00f6r \u00f6rg\u00fctleri d\u00fc\u015fman\u0131m\u0131zd\u0131r&#8221; ifadelerini kulland\u0131.<\/p>\n<p>Destici, s\u00f6zlerine \u015f\u00f6yle devam etti; &#8220;T\u00fcrk Milleti, t\u00fcm k\u00f6ken, inan\u00e7 ve d\u00fc\u015f\u00fcnce farkl\u0131l\u0131klar\u0131yla birlikte bir b\u00fct\u00fcnd\u00fcr ve karde\u015ftir. Hepimiz bir milletiz; o milletin ortak ad\u0131 da b\u00fcy\u00fck T\u00fcrk Milletidir. Birli\u011fin ve karde\u015fli\u011fin muhafazas\u0131 i\u00e7in m\u00fccadele edece\u011fiz, birli\u011fimizi ve karde\u015fli\u011fimizi koruyaca\u011f\u0131z. Kimsenin bozmas\u0131na m\u00fcsaade etmeyece\u011fiz. Ter\u00f6r \u00f6rg\u00fct\u00fcn\u00fcn kurdurdu\u011fu s\u00f6zde partilerin temsilcileri, kat\u0131ld\u0131klar\u0131 toplant\u0131larda, her d\u00f6nemde ve bulduklar\u0131 her f\u0131rsatta \u0130stiklal Mar\u015f\u0131m\u0131za sayg\u0131s\u0131zl\u0131k yapt\u0131lar. TBMM k\u00fcrs\u00fcs\u00fcnden defalarca milletimize, devletimize, tarihimize, inan\u00e7lar\u0131m\u0131za ve de\u011ferlerimize hakaret ettiler. Hi\u00e7bir devlet, varl\u0131\u011f\u0131n\u0131, birli\u011fini, b\u00fct\u00fcnl\u00fc\u011f\u00fcn\u00fc hedef alan ter\u00f6r \u00f6rg\u00fctlerine bu \u00f6l\u00e7\u00fcde bir m\u00fcsamahayla davranmaz, davranamaz. Devletler su\u00e7la, su\u00e7 \u00f6rg\u00fctleriyle, ihanetle, hainlerle m\u00fczakere etmez, m\u00fccadele eder; su\u00e7lular\u0131 yakalar ve etkisiz hale getirir, yoksa devlet var olmaz. Milletimize, devletimize, vatan\u0131m\u0131za d\u00fc\u015fmanl\u0131k edenler, hi\u00e7 teredd\u00fct etmeden ve milletimizde hi\u00e7bir \u015f\u00fcpheye yer b\u0131rak\u0131lmadan, hak ettikleri muameleyi mutlaka g\u00f6rmelidirler. Ba\u015fka millete, ba\u015fka devlete, ba\u015fka bayra\u011fa ba\u011fl\u0131 olanlar\u0131n t\u00fcm\u00fcn\u00fcn, e\u011fitim, sa\u011fl\u0131k, \u00e7al\u0131\u015fma, m\u00fclk edinme ba\u015fta olmak \u00fczere, vatanda\u015fl\u0131k haklar\u0131ndan faydalanmalar\u0131 engellenmelidir. Ba\u015fka millete, ba\u015fka devlete, ba\u015fka bayra\u011fa ba\u011fl\u0131 olanlar\u0131n t\u00fcm\u00fc, nereye ba\u011fl\u0131larsa oraya deport edilmelidir. D\u00fcnya var oldu\u011fu s\u00fcrece biiznillah bu asil M\u00fcsl\u00fcman T\u00fcrk Milleti var olacakt\u0131r. D\u00fcnya \u00fczerinde T\u00fcrk Milletinin tek bir ferdi ya\u015fad\u0131\u011f\u0131 s\u00fcrece Allah&#8217;\u0131n inayetiyle al y\u0131ld\u0131zl\u0131 al bayra\u011f\u0131m\u0131z yere d\u00fc\u015fmeyecektir. \u00c7\u00fcnk\u00fc bu bayrak 10 as\u0131rdan fazla bir s\u00fcre \u0130lay-\u0131 Kelimetullah yolunda \u0130slam&#8217;a ve M\u00fcsl\u00fcmanlara g\u00f6lge olmu\u015f ve sancaktarl\u0131k yapm\u0131\u015ft\u0131r. Kendi tarihiniz olmad\u0131\u011f\u0131 i\u00e7in T\u00fcrk&#8217;\u00fcn tarihini ya\u011fmalamaya \u00e7al\u0131\u015f\u0131yorsunuz. Kendi k\u00fclt\u00fcr\u00fcn\u00fcz olmad\u0131\u011f\u0131 i\u00e7in T\u00fcrk&#8217;\u00fcn efsanelerine \u00e7\u00f6k\u00fcyorsunuz. Buna da hi\u00e7 utanmadan \u00e7ekinmeden \u00f6z garda\u015f\u0131m\u0131z olan M\u00fcsl\u00fcman K\u00fcrt karde\u015flerimizi alet etmeye \u00e7al\u0131\u015f\u0131yorsunuz. Ama K\u00fcrt karde\u015flerimizde bunlar\u0131n ger\u00e7ek y\u00fcz\u00fcn\u00fc g\u00f6rd\u00fc. Bunlar asla K\u00fcrtlerin temsilcisi de\u011fil. Buradan, B\u00fcy\u00fck Birli\u011fin 33&#8217;\u00fcnc\u00fc y\u0131l\u0131nda bu hainlerin y\u00fcz\u00fcne bir kez daha hayk\u0131r\u0131yorum. Siz sadece bebek katili de\u011filsiniz. Siz sadece vatan haini de\u011filsiniz. Siz hem ter\u00f6rist hem de h\u0131rs\u0131zs\u0131n\u0131z. Tarih h\u0131rs\u0131z\u0131s\u0131n\u0131z, k\u00fclt\u00fcr h\u0131rs\u0131z\u0131s\u0131n\u0131z. Ama ya\u011fma yok. Alperenler burada. Can\u0131m\u0131z\u0131 veririz, kan\u0131m\u0131z\u0131 veririz ama ne bir \u00e7ak\u0131l ta\u015f\u0131m\u0131z\u0131 ne de bir tel sa\u00e7\u0131m\u0131z\u0131n hat\u0131ras\u0131n\u0131 size \u00e7i\u011fnetmeyiz. O kirli ellerinizi tarihimizin \u00fczerinden \u00e7ekin.&#8221;<\/p>\n<p>Destici, ailenin toplumun temeli oldu\u011funu vurgulayarak, &#8220;Aileyi korumak, milletimizi korumakt\u0131r. Evlilikleri, \u00e7ocuk sahibi olmay\u0131, kad\u0131nlar\u0131m\u0131z\u0131 desteklemeliyiz. Maalesef, t\u00fcm verilere g\u00f6re, d\u00fcnya \u00fczerinde, n\u00fcfusunu kaybetme tehlikesi ya\u015fayan ilk 5 \u00fclke aras\u0131nday\u0131z. Evlilikler azal\u0131yor, bo\u015fanmalar art\u0131yor, do\u011fum oranlar\u0131 d\u00fc\u015f\u00fcyor, aile kurumunu ayakta tutmakta zorlan\u0131yoruz. Bu konuyla ilgili, yak\u0131n d\u00f6nemde, milletimizi ve devletten siyasete, sivil toplum kurulu\u015flar\u0131ndan bas\u0131na, karar alma noktas\u0131nda olanlar\u0131 bilgilendirdik, uyar\u0131larda bulunduk, teklifler sunduk. Evlilikleri ve \u00e7ocuk sahibi olmay\u0131 mutlaka desteklemeliyiz. Evlenen \u00e7iftlere faizsiz kredi kulland\u0131r\u0131lmal\u0131, evlenen \u00e7iftlerin ev ve ara\u00e7 sahibi olmalar\u0131 i\u00e7in vergi ve faiz indirimleri sa\u011flanmal\u0131d\u0131r. 3 \u00e7ocuk sahibi olan aileler i\u00e7in, ayr\u0131 ve \u00f6zel bir destekleme program\u0131 hayata ge\u00e7irilmelidir. Nesli korumak, vatan\u0131 korumakt\u0131r. Vatan\u0131n s\u0131n\u0131rlar\u0131n\u0131 ordumuzla, evin s\u0131n\u0131rlar\u0131n\u0131 anayasam\u0131zla, aileyle korumal\u0131y\u0131z. Ailemize, evlilik m\u00fcessesemize, \u00e7ocuklar\u0131m\u0131za uzanan kirli ellere ge\u00e7it vermemeliyiz. \u00d6zellikle ve \u00f6ncelikle kad\u0131nlar\u0131m\u0131z\u0131 desteklemeliyiz. \u00c7ocuk sahibi \u00e7al\u0131\u015fan kad\u0131nlar\u0131m\u0131z mesaiye 1 saat sonra ba\u015flamal\u0131 ve mesailerini 1 saat erken bitmelidir&#8221; dedi.<\/p>\n<p>Destici, s\u00f6zlerini \u015f\u00f6yle tamamlad\u0131; &#8220;Kanayan yaram\u0131z adalet. Haberleri a\u00e7maya korkar olduk. Narin bedenler topra\u011fa veriliyor, kad\u0131nlar\u0131m\u0131z sokak ortas\u0131nda katlediliyor, Mehmet\u00e7i\u011fimize kur\u015fun s\u0131kan hainler hapishanelerde besleniyor. Milletin y\u00fcre\u011fi yanarken, biz burada &#8216;Avrupa ne der yok Amerika ne der?&#8217; diye mi d\u00fc\u015f\u00fcnece\u011fiz? Art\u0131k yeter. Buradan par\u00e7as\u0131 oldu\u011fumuz Cumhur \u0130ttifak\u0131&#8217;na da muhalefete de y\u00fcce meclise de sesleniyorum. Milletin vicdan\u0131nda &#8216;idam&#8217; \u00e7oktan onaylanm\u0131\u015ft\u0131r. Gelin, bundan ka\u00e7may\u0131n. Gelin, bu karar\u0131 milletimiz versin. Teklifimiz \u015fudur. Ter\u00f6r su\u00e7lar\u0131 ve \u00e7ocuk katilleri, k\u00fc\u00e7\u00fck ya\u015fta \u00e7ocuklar\u0131m\u0131z\u0131 ka\u00e7\u0131r\u0131p tecav\u00fcz eden sap\u0131klar i\u00e7in \u0130dam Cezas\u0131 Referandumu yap\u0131lmas\u0131n\u0131 \u00f6neriyoruz. Sand\u0131\u011f\u0131 milletin \u00f6n\u00fcne koyun. Bakal\u0131m millet, bebek katilleri i\u00e7in &#8216;ya\u015fam hakk\u0131&#8217; m\u0131 diyor, yoksa &#8216;ip&#8217; mi istiyor? \u0130dam cezas\u0131 referandumunun yap\u0131lmas\u0131n\u0131 \u00f6neriyoruz. Sand\u0131\u011f\u0131 milletin \u00f6n\u00fcne koyal\u0131m, bakal\u0131m milleti bebek katilleri i\u00e7in ya\u015fam hakk\u0131 m\u0131 diyor yoksa ip mi istiyor? Bunu hep birlikte g\u00f6relim diyorum. Biz diyoruz ki; adalet, ma\u011fdurun y\u00fcre\u011fini so\u011futmakt\u0131r. Caniye merhamet, mazluma ihanettir. Biz bu ihanete ortak olmad\u0131k ve olmayaca\u011f\u0131z. O ip, o sand\u0131ktan \u00e7\u0131kacak ve g\u00fcn gelecek adalet yerini bulacak. 33&#8217;\u00fcnc\u00fc y\u0131l\u0131m\u0131zda s\u00f6z veriyoruz. \u00c7ocuklar\u0131m\u0131za uzanan ellere idam ipini ge\u00e7irmedik\u00e7e, emeklimizin sofras\u0131na hakk\u0131 olan ekme\u011fi koymad\u0131k\u00e7a bize rahat ve uyku haramd\u0131r. Biz B\u00fcy\u00fck Birlik&#8217;iz, biz milletin vicdan\u0131y\u0131z. Ailemizi k\u00fcresel \u00e7etelere yedirtmeyece\u011fiz. \u00c7ocuk katillerini, ter\u00f6ristleri asla beslemeyece\u011fiz. B\u00fcy\u00fck Birlik Partisi sadece bir parti de\u011fil, T\u00fcrk milletinin ta kendisidir. G\u00fcne\u015f do\u011facak, adalet gelecek, milletin y\u00fcz\u00fc g\u00fclecek. Ne mutlu T\u00fcrk&#8217;\u00fcm diyenler kazanacakt\u0131r. Ne mutlu davas\u0131na ve davas\u0131 u\u011fruna dik duranlara diyorum.&#8221;<\/p>\n","protected":false},"excerpt":{"rendered":"<p>B\u00dcY\u00dcK Birlik Partisi (BBP) Genel Ba\u015fkan\u0131 Mustafa Destici, &#8220;33&#8217;\u00fcnc\u00fc y\u0131l\u0131m\u0131zda s\u00f6z veriyoruz.<\/p>\n","protected":false},"author":1,"featured_media":9326,"comment_status":"open","ping_status":"open","sticky":false,"template":"","format":"standard","meta":{"footnotes":""},"categories":[12],"tags":[1247,2099,2100,2051,517],"class_list":["post-9325","post","type-post","status-publish","format-standard","has-post-thumbnail","hentry","category-siyaset","tag-devlet","tag-milleti","tag-milletin","tag-teror","tag-turk"],"_links":{"self":[{"href":"https:\/\/bihavadis.com\/index.php\/wp-json\/wp\/v2\/posts\/9325","targetHints":{"allow":["GET"]}}],"collection":[{"href":"https:\/\/bihavadis.com\/index.php\/wp-json\/wp\/v2\/posts"}],"about":[{"href":"https:\/\/bihavadis.com\/index.php\/wp-json\/wp\/v2\/types\/post"}],"author":[{"embeddable":true,"href":"https:\/\/bihavadis.com\/index.php\/wp-json\/wp\/v2\/users\/1"}],"replies":[{"embeddable":true,"href":"https:\/\/bihavadis.com\/index.php\/wp-json\/wp\/v2\/comments?post=9325"}],"version-history":[{"count":1,"href":"https:\/\/bihavadis.com\/index.php\/wp-json\/wp\/v2\/posts\/9325\/revisions"}],"predecessor-version":[{"id":9327,"href":"https:\/\/bihavadis.com\/index.php\/wp-json\/wp\/v2\/posts\/9325\/revisions\/9327"}],"wp:featuredmedia":[{"embeddable":true,"href":"https:\/\/bihavadis.com\/index.php\/wp-json\/wp\/v2\/media\/9326"}],"wp:attachment":[{"href":"https:\/\/bihavadis.com\/index.php\/wp-json\/wp\/v2\/media?parent=9325"}],"wp:term":[{"taxonomy":"category","embeddable":true,"href":"https:\/\/bihavadis.com\/index.php\/wp-json\/wp\/v2\/categories?post=9325"},{"taxonomy":"post_tag","embeddable":true,"href":"https:\/\/bihavadis.com\/index.php\/wp-json\/wp\/v2\/tags?post=9325"}],"curies":[{"name":"wp","href":"https:\/\/api.w.org\/{rel}","templated":true}]}}