{"id":9425,"date":"2026-02-01T06:54:09","date_gmt":"2026-02-01T06:54:09","guid":{"rendered":"https:\/\/bihavadis.com\/?p=9425"},"modified":"2026-02-01T06:54:09","modified_gmt":"2026-02-01T06:54:09","slug":"vladimir-zelensky-cesareti-varsa-putin-kieve-gelsin","status":"publish","type":"post","link":"https:\/\/bihavadis.com\/index.php\/2026\/02\/01\/vladimir-zelensky-cesareti-varsa-putin-kieve-gelsin\/","title":{"rendered":"Vladimir Zelensky: Cesareti varsa Putin Kiev&#8217;e gelsin"},"content":{"rendered":"<p>Rusya ve Ukrayna aras\u0131ndaki sava\u015f, uzun y\u0131llard\u0131r s\u00fcr\u00fcyor&#8230;<\/p>\n<p>Binlerce insan\u0131n hayat\u0131n\u0131 kaybetti\u011fi sava\u015fta iki taraf aras\u0131nda hen\u00fcz bir uzla\u015fma sa\u011flanamad\u0131.<\/p>\n<p><strong>\u0130RAN GER\u0130L\u0130M\u0130 BARI\u015e TAKV\u0130M\u0130N\u0130 ETK\u0130LEYEB\u0130L\u0130R<\/strong><\/p>\n<p>Zelensky, ABD arabuluculu\u011funda y\u00fcr\u00fct\u00fclen Ukrayna-Rusya g\u00f6r\u00fc\u015fmelerinin tarih ve yerinin de\u011fi\u015febilece\u011fini, enerji hedeflerine y\u00f6nelik sald\u0131r\u0131lar\u0131n ise kar\u015f\u0131l\u0131kl\u0131 olarak durdurulabilece\u011fini s\u00f6yledi.<\/p>\n<p>Zelensky&#8217;in ofisinden cuma g\u00fcn\u00fc yay\u0131mlanan a\u00e7\u0131klamaya g\u00f6re, bir sonraki tur g\u00f6r\u00fc\u015fmelerin pazar g\u00fcn\u00fc Abu Dabi\u2019de yap\u0131lmas\u0131 planlan\u0131yordu ancak tarih ya da yer netle\u015fmi\u015f de\u011fil.<\/p>\n<p><img decoding=\"async\" src=\"https:\/\/bihavadis.com\/wp-content\/uploads\/2026\/02\/vladimir-zelensky-cesareti-varsa-putin-kieve-gelsin-0-qe9nX4A9.jpg\"\/><\/p>\n<p><strong>&#8220;HERKES\u0130N MASADA OLMASI \u00d6NEML\u0130&#8221;<\/strong><\/p>\n<p>Ukrayna lideri, ABD-\u0130ran hatt\u0131ndaki geli\u015fmelerin takvimi etkileyebilece\u011fini belirterek, <em><b>\u201cAnla\u015ft\u0131\u011f\u0131m\u0131z herkesin masada olmas\u0131 \u00e7ok \u00f6nemli. Herkes geri bildirim bekliyor.\u201d <\/b><\/em>dedi.<\/p>\n<p>ABD D\u0131\u015fi\u015fleri Bakan\u0131 Marco Rubio, \u00e7ar\u015famba g\u00fcn\u00fc yapt\u0131\u011f\u0131 a\u00e7\u0131klamada, \u00f6nceki turda yer alan Steve Witkoff ve Jared Kushner\u2019\u0131n Abu Dabi\u2019deki hafta sonu toplant\u0131s\u0131na kat\u0131lmayaca\u011f\u0131n\u0131 s\u00f6ylemi\u015fti.<\/p>\n<p><strong>MOSKOVA VEYA BELARUS&#8217;A G\u0130TMEYECEK<\/strong><\/p>\n<p>Zelensky, bar\u0131\u015f plan\u0131na ili\u015fkin nihai anla\u015fmalar\u0131n ancak liderler d\u00fczeyinde m\u00fcmk\u00fcn olabilece\u011fini belirterek, Moskova veya Belarus\u2019ta bir zirveye kat\u0131lmayaca\u011f\u0131n\u0131 s\u00f6yledi. Buna kar\u015f\u0131l\u0131k Putin\u2019e Kiev\u2019de g\u00f6r\u00fc\u015fme \u00e7a\u011fr\u0131s\u0131n\u0131 yineledi.<\/p>\n<p>Ukrayna lideri, topraklar konusunda hen\u00fcz bir uzla\u015f\u0131 sa\u011flanmad\u0131\u011f\u0131n\u0131, Rusya\u2019n\u0131n sava\u015f esiri de\u011fi\u015fimlerini durdurdu\u011funu iddia etti ve \u00fclkesinin 2027\u2019de AB \u00fcyeli\u011fi i\u00e7in teknik olarak haz\u0131r olaca\u011f\u0131n\u0131 ifade etti.<\/p>\n<p><img decoding=\"async\" src=\"https:\/\/bihavadis.com\/wp-content\/uploads\/2026\/02\/vladimir-zelensky-cesareti-varsa-putin-kieve-gelsin-1-MVxrAJdd.jpg\"\/><\/p>\n<p><strong>ENERJ\u0130 HEDEFLER\u0130NDE &#8216;KAR\u015eILIKLI DURMA&#8217; MESAJI<\/strong><\/p>\n<p>Zelensky, Rusya\u2019n\u0131n Ukrayna\u2019n\u0131n enerji altyap\u0131s\u0131n\u0131 vurmay\u0131 b\u0131rakmas\u0131 halinde Ukrayna\u2019n\u0131n da Rus enerji hedeflerini vurmayaca\u011f\u0131n\u0131 vurgulad\u0131.<\/p>\n<p>Ancak iki \u00fclke aras\u0131nda enerji hedeflerine dair resmi bir ate\u015fkes anla\u015fmas\u0131 bulunmad\u0131\u011f\u0131n\u0131 da ekledi.<\/p>\n<p>Ukrayna lideri, g\u00f6r\u00fc\u015fmelerde ABD\u2019nin her iki taraf\u0131n uzun menzilli kabiliyetleri kullanmaktan ka\u00e7\u0131nmas\u0131 y\u00f6n\u00fcnde bir \u00f6neri sundu\u011funu aktard\u0131.<\/p>\n","protected":false},"excerpt":{"rendered":"<p>Ukrayna lideri Vladimir Zelensky, Rusya Devlet Ba\u015fkan\u0131 Putin&#8217;e a\u00e7\u0131k davette bulunarak, \u201cPutin ile Moskova&#8217;da g\u00f6r\u00fc\u015fmem imkans\u0131z. Cesareti varsa kendisini resmen Kiev&#8217;e davet ediyorum.&#8221; dedi.<\/p>\n","protected":false},"author":1,"featured_media":9426,"comment_status":"open","ping_status":"open","sticky":false,"template":"","format":"standard","meta":{"footnotes":""},"categories":[6],"tags":[590,1625,198],"class_list":["post-9425","post","type-post","status-publish","format-standard","has-post-thumbnail","hentry","category-dunya","tag-enerji","tag-rus","tag-ukrayna"],"_links":{"self":[{"href":"https:\/\/bihavadis.com\/index.php\/wp-json\/wp\/v2\/posts\/9425","targetHints":{"allow":["GET"]}}],"collection":[{"href":"https:\/\/bihavadis.com\/index.php\/wp-json\/wp\/v2\/posts"}],"about":[{"href":"https:\/\/bihavadis.com\/index.php\/wp-json\/wp\/v2\/types\/post"}],"author":[{"embeddable":true,"href":"https:\/\/bihavadis.com\/index.php\/wp-json\/wp\/v2\/users\/1"}],"replies":[{"embeddable":true,"href":"https:\/\/bihavadis.com\/index.php\/wp-json\/wp\/v2\/comments?post=9425"}],"version-history":[{"count":1,"href":"https:\/\/bihavadis.com\/index.php\/wp-json\/wp\/v2\/posts\/9425\/revisions"}],"predecessor-version":[{"id":9429,"href":"https:\/\/bihavadis.com\/index.php\/wp-json\/wp\/v2\/posts\/9425\/revisions\/9429"}],"wp:featuredmedia":[{"embeddable":true,"href":"https:\/\/bihavadis.com\/index.php\/wp-json\/wp\/v2\/media\/9426"}],"wp:attachment":[{"href":"https:\/\/bihavadis.com\/index.php\/wp-json\/wp\/v2\/media?parent=9425"}],"wp:term":[{"taxonomy":"category","embeddable":true,"href":"https:\/\/bihavadis.com\/index.php\/wp-json\/wp\/v2\/categories?post=9425"},{"taxonomy":"post_tag","embeddable":true,"href":"https:\/\/bihavadis.com\/index.php\/wp-json\/wp\/v2\/tags?post=9425"}],"curies":[{"name":"wp","href":"https:\/\/api.w.org\/{rel}","templated":true}]}}