{"id":9464,"date":"2026-02-01T07:18:08","date_gmt":"2026-02-01T07:18:08","guid":{"rendered":"https:\/\/bihavadis.com\/?p=9464"},"modified":"2026-02-01T07:18:08","modified_gmt":"2026-02-01T07:18:08","slug":"konyada-babasini-olduresiye-dovdu","status":"publish","type":"post","link":"https:\/\/bihavadis.com\/index.php\/2026\/02\/01\/konyada-babasini-olduresiye-dovdu\/","title":{"rendered":"Konya&#8217;da babas\u0131n\u0131 \u00f6ld\u00fcresiye d\u00f6vd\u00fc"},"content":{"rendered":"<p>Konya&#8217;n\u0131n Sel\u00e7uklu il\u00e7esinde eve alkoll\u00fc gelen babas\u0131n\u0131 darbeden Yakup \u00dc., o anlar cep telefonuyla kayda ald\u0131.<\/p>\n<p>Yakup \u00dc. daha sonra g\u00f6r\u00fcnt\u00fcleri, Kocaeli\u2019de ya\u015fayan amcas\u0131 Bayram \u00dc.\u2019ye g\u00f6nderdi.<\/p>\n<p>Yakup \u00dc., videoda evin bir odas\u0131nda yerde yatan Selahattin \u00dc.\u2019y\u00fc darbederken, <em><b>\u201cBak babam\u0131 d\u00f6v\u00fcyorum oh. Gurur duy ye\u011feninle. Bu karde\u015finin \u00f6l\u00fcs\u00fc benim elimde kalacak\u201d<\/b><\/em> dedi\u011fi g\u00f6r\u00fcnt\u00fcler, sanal medyada payla\u015f\u0131ld\u0131.<\/p>\n<p><strong>TUTUKLANDI<\/strong><\/p>\n<p>Tepki \u00e7eken g\u00f6r\u00fcnt\u00fclere ili\u015fkin \u00e7al\u0131\u015fma ba\u015flatan Konya Emniyet M\u00fcd\u00fcrl\u00fc\u011f\u00fc ekipleri, Yakup \u00dc.\u2019y\u00fc g\u00f6zalt\u0131na ald\u0131. \u0130fadesinin ard\u0131ndan d\u00fcn adliyeye sevk edilen Yakup \u00dc., \u00e7\u0131kar\u0131ld\u0131\u011f\u0131 mahkemede tutukland\u0131.<\/p>\n<p><strong>BABA HAKKINDA E\u015e\u0130NE \u015e\u0130DDET UYGULADI\u011eI GEREK\u00c7E \u0130\u015eLEM YAPILMI\u015e<\/strong><\/p>\n<p>Akci\u011ferindeki rahats\u0131zl\u0131\u011f\u0131 nedeniyle y\u00fczde 53 oran\u0131nda engeli raporu bulunan Selahattin \u00dc.\u2019n\u00fcn, daha \u00f6nce eve s\u0131k s\u0131k alkoll\u00fc gelerek e\u015fi \u00dc.\u00dc.\u2019ye kar\u015f\u0131 \u015fiddet uygulad\u0131\u011f\u0131 i\u00e7in defalarca hakk\u0131nda i\u015flem yap\u0131ld\u0131\u011f\u0131 bildirildi.<\/p>\n<p><img decoding=\"async\" src=\"https:\/\/bihavadis.com\/wp-content\/uploads\/2026\/02\/konyada-babasini-olduresiye-dovdu-0-g4buZnTH.jpg\"\/><\/p>\n","protected":false},"excerpt":{"rendered":"<p>Konya&#8217;da babas\u0131 Selahattin \u00dc.\u2019y\u00fc darbetti\u011fi anlar\u0131n videosunu kaydederek amcas\u0131na g\u00f6nderen Yakup \u00dc., tutukland\u0131.<\/p>\n","protected":false},"author":1,"featured_media":9465,"comment_status":"open","ping_status":"open","sticky":false,"template":"","format":"standard","meta":{"footnotes":""},"categories":[4,13],"tags":[],"class_list":["post-9464","post","type-post","status-publish","format-standard","has-post-thumbnail","hentry","category-gundem","category-son-dakika"],"_links":{"self":[{"href":"https:\/\/bihavadis.com\/index.php\/wp-json\/wp\/v2\/posts\/9464","targetHints":{"allow":["GET"]}}],"collection":[{"href":"https:\/\/bihavadis.com\/index.php\/wp-json\/wp\/v2\/posts"}],"about":[{"href":"https:\/\/bihavadis.com\/index.php\/wp-json\/wp\/v2\/types\/post"}],"author":[{"embeddable":true,"href":"https:\/\/bihavadis.com\/index.php\/wp-json\/wp\/v2\/users\/1"}],"replies":[{"embeddable":true,"href":"https:\/\/bihavadis.com\/index.php\/wp-json\/wp\/v2\/comments?post=9464"}],"version-history":[{"count":1,"href":"https:\/\/bihavadis.com\/index.php\/wp-json\/wp\/v2\/posts\/9464\/revisions"}],"predecessor-version":[{"id":9467,"href":"https:\/\/bihavadis.com\/index.php\/wp-json\/wp\/v2\/posts\/9464\/revisions\/9467"}],"wp:featuredmedia":[{"embeddable":true,"href":"https:\/\/bihavadis.com\/index.php\/wp-json\/wp\/v2\/media\/9465"}],"wp:attachment":[{"href":"https:\/\/bihavadis.com\/index.php\/wp-json\/wp\/v2\/media?parent=9464"}],"wp:term":[{"taxonomy":"category","embeddable":true,"href":"https:\/\/bihavadis.com\/index.php\/wp-json\/wp\/v2\/categories?post=9464"},{"taxonomy":"post_tag","embeddable":true,"href":"https:\/\/bihavadis.com\/index.php\/wp-json\/wp\/v2\/tags?post=9464"}],"curies":[{"name":"wp","href":"https:\/\/api.w.org\/{rel}","templated":true}]}}