{"id":9593,"date":"2026-02-01T08:45:08","date_gmt":"2026-02-01T08:45:08","guid":{"rendered":"https:\/\/bihavadis.com\/?p=9593"},"modified":"2026-02-01T08:45:08","modified_gmt":"2026-02-01T08:45:08","slug":"rizede-2026-bagimsizlik-ve-yesilay-yili-ilan-edildi","status":"publish","type":"post","link":"https:\/\/bihavadis.com\/index.php\/2026\/02\/01\/rizede-2026-bagimsizlik-ve-yesilay-yili-ilan-edildi\/","title":{"rendered":"Rize\u2019de 2026 &#8216;Ba\u011f\u0131ms\u0131zl\u0131k ve Ye\u015filay Y\u0131l\u0131&#8217; ilan edildi"},"content":{"rendered":"<p>Ba\u011f\u0131ml\u0131l\u0131kla m\u00fccadele faaliyetlerinin etkin bir \u015fekilde y\u00fcr\u00fct\u00fclmesi ve ilgili kurumlar aras\u0131nda koordinasyonun art\u0131r\u0131lmas\u0131 amac\u0131yla d\u00fczenlenen Ba\u011f\u0131ml\u0131l\u0131kla M\u00fccadele \u0130l Koordinasyon Kurulu Toplant\u0131s\u0131, Rize Valisi \u0130hsan Selim Bayda\u015f ba\u015fkanl\u0131\u011f\u0131nda yap\u0131ld\u0131.<\/p>\n<p>Ye\u015filay Dan\u0131\u015fmanl\u0131k Merkezi (YEDAM)\u2019de ger\u00e7ekle\u015ftirilen toplant\u0131da, il genelinde y\u00fcr\u00fct\u00fclen \u00e7al\u0131\u015fmalar ele al\u0131nd\u0131, yeni d\u00f6nem hedefleri de\u011ferlendirildi.<\/p>\n<p><strong>2026 \u201cBA\u011eIMSIZLIK VE YE\u015e\u0130LAY YILI\u201d OLARAK \u0130LAN ED\u0130LD\u0130<\/strong><\/p>\n<p>Toplant\u0131da, Rize \u00f6zelinde 2026 y\u0131l\u0131n\u0131n Vali Bayda\u015f\u2019\u0131n tensipleriyle <b><em>\u201cBa\u011f\u0131ms\u0131zl\u0131k ve Ye\u015filay Y\u0131l\u0131\u201d<\/em><\/b> olarak ilan edildi\u011fi a\u00e7\u0131kland\u0131.<\/p>\n<p>Bu kapsamda ba\u011f\u0131ml\u0131l\u0131kla m\u00fccadeleye y\u00f6nelik projelerin art\u0131r\u0131lmas\u0131 ve toplumsal fark\u0131ndal\u0131\u011f\u0131n g\u00fc\u00e7lendirilmesi hedefleniyor.<\/p>\n<p><strong>\u201cBA\u011eIMLILIKLA M\u00dcCADELE TOPLUMSAL B\u0130R SORUMLULUK\u201d<\/strong><\/p>\n<p>Vali \u0130hsan Selim Bayda\u015f, ba\u011f\u0131ml\u0131l\u0131kla m\u00fccadelenin yaln\u0131zca bir kamu politikas\u0131 de\u011fil, ayn\u0131 zamanda toplumsal ve insani bir sorumluluk oldu\u011funu vurgulad\u0131.<\/p>\n<p>Ba\u011f\u0131ml\u0131l\u0131\u011f\u0131n \u00f6nlenmesinde sportif, sanatsal ve k\u00fclt\u00fcrel faaliyetlerin b\u00fcy\u00fck \u00f6nem ta\u015f\u0131d\u0131\u011f\u0131n\u0131 belirten Bayda\u015f, \u00f6zellikle gen\u00e7lerin spor ve sosyal faaliyetlerle bulu\u015fturulmas\u0131n\u0131n ba\u011f\u0131ml\u0131l\u0131klardan uzak tutulmalar\u0131nda etkili bir y\u00f6ntem oldu\u011funu ifade etti. Bu alandaki \u00e7al\u0131\u015fmalar\u0131n artarak ve kararl\u0131l\u0131kla s\u00fcrd\u00fcr\u00fclece\u011fini dile getirdi.<\/p>\n<p><img decoding=\"async\" src=\"https:\/\/bihavadis.com\/wp-content\/uploads\/2026\/02\/rizede-2026-bagimsizlik-ve-yesilay-yili-ilan-edildi-0-Zk2bsVuN.jpg\"\/><\/p>\n<p><strong>\u0130L GENEL\u0130NDE Y\u00dcR\u00dcT\u00dcLEN \u00c7ALI\u015eMALAR PAYLA\u015eILDI<\/strong><\/p>\n<p>Toplant\u0131da, \u0130l Sa\u011fl\u0131k M\u00fcd\u00fcr\u00fc Do\u00e7. Dr. G\u00f6khan Demiral taraf\u0131ndan ba\u011f\u0131ml\u0131l\u0131kla m\u00fccadele kapsam\u0131nda il genelinde y\u00fcr\u00fct\u00fclen sa\u011fl\u0131k hizmetleri ve \u00e7al\u0131\u015fmalar hakk\u0131nda sunum yap\u0131ld\u0131.<\/p>\n<p>Ye\u015filay Rize \u015eube Ba\u015fkan\u0131 Sel\u00e7uk Be\u015fik\u00e7i ise 2025 y\u0131l\u0131 faaliyet raporunu payla\u015farak, yap\u0131m\u0131 tamamlanma a\u015famas\u0131na gelen ve yak\u0131n zamanda hizmete a\u00e7\u0131lmas\u0131 planlanan YEDAM hakk\u0131nda kat\u0131l\u0131mc\u0131lara bilgi verdi.<\/p>\n<p>Ayr\u0131ca Dr. Mehmet Baltac\u0131o\u011flu, Recep Tayyip Erdo\u011fan \u00dcniversitesi AMATEM b\u00fcnyesinde y\u00fcr\u00fct\u00fclen \u00e7al\u0131\u015fmalarla ilgili bilgilendirici bir sunum ger\u00e7ekle\u015ftirdi.<\/p>\n<p><img decoding=\"async\" src=\"https:\/\/bihavadis.com\/wp-content\/uploads\/2026\/02\/rizede-2026-bagimsizlik-ve-yesilay-yili-ilan-edildi-1-qqfxEzwg.jpg\"\/><\/p>\n<p><strong>GEN\u0130\u015e KATILIM<\/strong><\/p>\n<p>Toplant\u0131, kat\u0131l\u0131mc\u0131lar\u0131n g\u00f6r\u00fc\u015f, \u00f6neri ve taleplerinin al\u0131nmas\u0131n\u0131n ard\u0131ndan sona erdi. Toplant\u0131ya; Cumhuriyet Ba\u015fsavc\u0131s\u0131 Recep Sevgili, Vali Yard\u0131mc\u0131s\u0131 Abdullah Kurt, \u0130l Emniyet M\u00fcd\u00fcr\u00fc Murat T\u00fcresin, \u0130l Jandarma Komutan\u0131 Adnan \u00c7elebi, Rize Belediye Ba\u015fkan Yard\u0131mc\u0131s\u0131 Abd\u00fclkadir \u00d6ks\u00fcz, kurul \u00fcyesi il m\u00fcd\u00fcrleri ile sivil toplum kurulu\u015flar\u0131n\u0131n temsilcileri kat\u0131ld\u0131.<\/p>\n<p>Ayr\u0131ca ba\u011f\u0131ml\u0131l\u0131kla m\u00fccadelede destek almak isteyenler Ye\u015filay Dan\u0131\u015fmanl\u0131k Hatt\u0131 115\u2019i arayabiliyor.<\/p>\n<p><img decoding=\"async\" src=\"https:\/\/bihavadis.com\/wp-content\/uploads\/2026\/02\/rizede-2026-bagimsizlik-ve-yesilay-yili-ilan-edildi-2-LmClrFSW.jpg\"\/><\/p>\n<p><img decoding=\"async\" src=\"https:\/\/bihavadis.com\/wp-content\/uploads\/2026\/02\/rizede-2026-bagimsizlik-ve-yesilay-yili-ilan-edildi-3-sKtYeFu9.jpg\"\/><\/p>\n<p><img decoding=\"async\" src=\"https:\/\/bihavadis.com\/wp-content\/uploads\/2026\/02\/rizede-2026-bagimsizlik-ve-yesilay-yili-ilan-edildi-4-rOgbsfSb.jpg\"\/><\/p>\n","protected":false},"excerpt":{"rendered":"<p>Ba\u011f\u0131ml\u0131l\u0131kla m\u00fccadelede kurumlar aras\u0131 i\u015f birli\u011fini g\u00fc\u00e7lendirmek amac\u0131yla d\u00fczenlenen Ba\u011f\u0131ml\u0131l\u0131kla M\u00fccadele \u0130l Koordinasyon Kurulu Toplant\u0131s\u0131, Rize Valisi \u0130hsan Selim Bayda\u015f ba\u015fkanl\u0131\u011f\u0131nda Ye\u015filay YEDAM\u2019da ger\u00e7ekle\u015ftirildi.<\/p>\n","protected":false},"author":1,"featured_media":9594,"comment_status":"open","ping_status":"open","sticky":false,"template":"","format":"standard","meta":{"footnotes":""},"categories":[8],"tags":[2142,991,2143],"class_list":["post-9593","post","type-post","status-publish","format-standard","has-post-thumbnail","hentry","category-ekonomi","tag-bagimlilikla-mucadele","tag-calismalar","tag-yesilay"],"_links":{"self":[{"href":"https:\/\/bihavadis.com\/index.php\/wp-json\/wp\/v2\/posts\/9593","targetHints":{"allow":["GET"]}}],"collection":[{"href":"https:\/\/bihavadis.com\/index.php\/wp-json\/wp\/v2\/posts"}],"about":[{"href":"https:\/\/bihavadis.com\/index.php\/wp-json\/wp\/v2\/types\/post"}],"author":[{"embeddable":true,"href":"https:\/\/bihavadis.com\/index.php\/wp-json\/wp\/v2\/users\/1"}],"replies":[{"embeddable":true,"href":"https:\/\/bihavadis.com\/index.php\/wp-json\/wp\/v2\/comments?post=9593"}],"version-history":[{"count":1,"href":"https:\/\/bihavadis.com\/index.php\/wp-json\/wp\/v2\/posts\/9593\/revisions"}],"predecessor-version":[{"id":9600,"href":"https:\/\/bihavadis.com\/index.php\/wp-json\/wp\/v2\/posts\/9593\/revisions\/9600"}],"wp:featuredmedia":[{"embeddable":true,"href":"https:\/\/bihavadis.com\/index.php\/wp-json\/wp\/v2\/media\/9594"}],"wp:attachment":[{"href":"https:\/\/bihavadis.com\/index.php\/wp-json\/wp\/v2\/media?parent=9593"}],"wp:term":[{"taxonomy":"category","embeddable":true,"href":"https:\/\/bihavadis.com\/index.php\/wp-json\/wp\/v2\/categories?post=9593"},{"taxonomy":"post_tag","embeddable":true,"href":"https:\/\/bihavadis.com\/index.php\/wp-json\/wp\/v2\/tags?post=9593"}],"curies":[{"name":"wp","href":"https:\/\/api.w.org\/{rel}","templated":true}]}}