{"id":9739,"date":"2026-02-01T10:42:05","date_gmt":"2026-02-01T10:42:05","guid":{"rendered":"https:\/\/bihavadis.com\/?p=9739"},"modified":"2026-02-01T10:42:05","modified_gmt":"2026-02-01T10:42:05","slug":"canik-sifir-atik-koyu-gelecek-kusaklara-sifir-atik-bilinci-kazandiriyor","status":"publish","type":"post","link":"https:\/\/bihavadis.com\/index.php\/2026\/02\/01\/canik-sifir-atik-koyu-gelecek-kusaklara-sifir-atik-bilinci-kazandiriyor\/","title":{"rendered":"Canik S\u0131f\u0131r At\u0131k K\u00f6y\u00fc, Gelecek Ku\u015faklara S\u0131f\u0131r At\u0131k Bilinci Kazand\u0131r\u0131yor"},"content":{"rendered":"<p> Canik Belediye Ba\u015fkan\u0131 \u0130brahim Sand\u0131k\u00e7\u0131, \u00f6d\u00fcll\u00fc Canik S\u0131f\u0131r At\u0131k K\u00f6y\u00fc ile s\u0131f\u0131r at\u0131k ve \u00e7evre bilincini gelecek ku\u015faklara aktard\u0131klar\u0131n\u0131, s\u0131f\u0131r at\u0131k k\u00fclt\u00fcr\u00fcn\u00fcn daha yayg\u0131n bir hale gelmesine katk\u0131 sunduklar\u0131n\u0131 belirtti.<\/p>\n<p>Sand\u0131k\u00e7\u0131, yapt\u0131\u011f\u0131 a\u00e7\u0131klamada, s\u0131f\u0131r at\u0131kta \u00f6nc\u00fc projelerle \u00fclke ekonomisine katk\u0131lar sunarken, s\u0131f\u0131r at\u0131k, do\u011fa ve \u00e7evre bilincine sahip nesiller yeti\u015ftirdiklerini aktard\u0131.<\/p>\n<p>\u00d6d\u00fcll\u00fc Canik S\u0131f\u0131r At\u0131k K\u00f6y\u00fc&#8217;nde \u00e7ocuklara ve gen\u00e7lere y\u00f6nelik s\u0131f\u0131r at\u0131k, geri d\u00f6n\u00fc\u015f\u00fcm ve enerji verimlili\u011fi konular\u0131nda uygulamal\u0131 e\u011fitim programlar\u0131 ger\u00e7ekle\u015ftirdiklerini anlatan Sand\u0131k\u00e7\u0131, do\u011fa, \u00e7evre ve s\u0131f\u0131r at\u0131k temal\u0131 fark\u0131ndal\u0131k etkinliklerine 7&#8217;den 70&#8217;e her ya\u015ftan vatanda\u015f\u0131n ilgiyle kat\u0131ld\u0131\u011f\u0131n\u0131 dile getirdi.<\/p>\n<p>S\u0131f\u0131r At\u0131k K\u00f6y\u00fc ve Canik Orman Okulu projeleri dolay\u0131s\u0131yla T\u00fcrkiye&#8217;deki s\u0131f\u0131r at\u0131k projelerini himaye eden Cumhurba\u015fkan\u0131 Recep Tayyip Erdo\u011fan&#8217;\u0131n e\u015fi Emine Erdo\u011fan&#8217;dan \u00f6d\u00fcl ald\u0131klar\u0131n\u0131 ve kendisinin tebriklerini iletti\u011fini vurgulayan Sand\u0131k\u00e7\u0131, s\u0131f\u0131r at\u0131k k\u00fclt\u00fcr\u00fc kazanan, do\u011fa ve \u00e7evre dostu nesiller yeti\u015ftirmek hedefiyle yeni projeleri hayata ge\u00e7irmeyi s\u00fcrd\u00fcrd\u00fcklerini kaydetti.<\/p>\n<p>Sand\u0131k\u00e7\u0131, \u00f6d\u00fcll\u00fc Canik S\u0131f\u0131r At\u0131k K\u00f6y\u00fc&#8217;nde a\u00e7\u0131k ve kapal\u0131 e\u011fitim alanlar\u0131n\u0131n yan\u0131 s\u0131ra geri d\u00f6n\u00fc\u015ft\u00fcr\u00fclebilir at\u0131klar\u0131n yeniden kazan\u0131m\u0131yla olu\u015fturduklar\u0131 oyun alanlar\u0131n\u0131n yer ald\u0131\u011f\u0131n\u0131 bildirerek, \u015fu a\u00e7\u0131klamalarda bulundu: <\/p>\n<p>&#8220;\u00c7ocuklar\u0131m\u0131z\u0131n ve gen\u00e7lerimizin ne\u015fe dolu sesleri e\u015fli\u011finde e\u011fitim programlar\u0131m\u0131z\u0131 s\u00fcrd\u00fcrmeye devam ediyoruz. S\u0131f\u0131r at\u0131k, geri d\u00f6n\u00fc\u015f\u00fcm, enerji verimlili\u011fi ve kompost g\u00fcbre \u00fcretimi konular\u0131nda uygulamal\u0131 e\u011fitim programlar\u0131yla \u00e7ocuklar\u0131m\u0131za ve gen\u00e7lerimize s\u0131f\u0131r at\u0131k k\u00fclt\u00fcr\u00fc kazand\u0131rd\u0131\u011f\u0131m\u0131z \u00f6d\u00fcll\u00fc Canik S\u0131f\u0131r At\u0131k K\u00f6y\u00fc&#8217;m\u00fczde, ayr\u0131ca geri d\u00f6n\u00fc\u015ft\u00fcr\u00fclebilir at\u0131klar\u0131n yeniden kazan\u0131m\u0131yla olu\u015fturdu\u011fumuz oyun alanlar\u0131 yer al\u0131yor. \u00d6zellikle burada ger\u00e7ekle\u015ftirdi\u011fimiz e\u011fitici ve e\u011flenceli aktivitelerle \u00e7ocuklar\u0131m\u0131z\u0131n erken ya\u015flardan itibaren s\u0131f\u0131r at\u0131k k\u00fclt\u00fcr\u00fc kazanmalar\u0131n\u0131 sa\u011fl\u0131yoruz. Canik&#8217;imizde \u00e7ocuklar\u0131m\u0131za ve gen\u00e7lerimize s\u0131f\u0131r at\u0131k, geri d\u00f6n\u00fc\u015f\u00fcm, do\u011fa ve \u00e7evre bilinci kazand\u0131rmaya devam ediyoruz. \u0130l\u00e7emizde s\u00fcrd\u00fcrd\u00fc\u011f\u00fcm\u00fcz ve her ya\u015f grubuna hitap eden s\u0131f\u0131r at\u0131k temal\u0131 yar\u0131\u015fmalar ve fark\u0131ndal\u0131k etkinlikleriyle s\u0131f\u0131r at\u0131k k\u00fclt\u00fcr\u00fcn\u00fcn daha yayg\u0131n bir hale gelmesine vesile oluyoruz.&#8221;<\/p>\n","protected":false},"excerpt":{"rendered":"<p>Canik Belediye Ba\u015fkan\u0131 \u0130brahim Sand\u0131k\u00e7\u0131, \u00f6d\u00fcll\u00fc Canik S\u0131f\u0131r At\u0131k K\u00f6y\u00fc ile s\u0131f\u0131r at\u0131k ve \u00e7evre bilincini gelecek ku\u015faklara aktard\u0131klar\u0131n\u0131 belirtti. S\u0131f\u0131r at\u0131k k\u00fclt\u00fcr\u00fcn\u00fcn yayg\u0131nla\u015fmas\u0131 i\u00e7in \u00e7ocuklara ve gen\u00e7lere y\u00f6nelik e\u011fitim programlar\u0131 d\u00fczenlediklerini ifade etti. Ayr\u0131ca, do\u011fa ve \u00e7evre temal\u0131 etkinliklere her ya\u015ftan vatanda\u015f\u0131n ilgi g\u00f6sterdi\u011fini vurgulad\u0131. Sand\u0131k\u00e7\u0131, yeni projelerle s\u0131f\u0131r at\u0131k bilincini art\u0131rmaya devam edeceklerini a\u00e7\u0131klad\u0131.<\/p>\n","protected":false},"author":1,"featured_media":9740,"comment_status":"open","ping_status":"open","sticky":false,"template":"","format":"standard","meta":{"footnotes":""},"categories":[9,4,13],"tags":[2162,998,952,1243],"class_list":["post-9739","post","type-post","status-publish","format-standard","has-post-thumbnail","hentry","category-genel","category-gundem","category-son-dakika","tag-canik","tag-cevre","tag-odul","tag-sifir-atik"],"_links":{"self":[{"href":"https:\/\/bihavadis.com\/index.php\/wp-json\/wp\/v2\/posts\/9739","targetHints":{"allow":["GET"]}}],"collection":[{"href":"https:\/\/bihavadis.com\/index.php\/wp-json\/wp\/v2\/posts"}],"about":[{"href":"https:\/\/bihavadis.com\/index.php\/wp-json\/wp\/v2\/types\/post"}],"author":[{"embeddable":true,"href":"https:\/\/bihavadis.com\/index.php\/wp-json\/wp\/v2\/users\/1"}],"replies":[{"embeddable":true,"href":"https:\/\/bihavadis.com\/index.php\/wp-json\/wp\/v2\/comments?post=9739"}],"version-history":[{"count":1,"href":"https:\/\/bihavadis.com\/index.php\/wp-json\/wp\/v2\/posts\/9739\/revisions"}],"predecessor-version":[{"id":9741,"href":"https:\/\/bihavadis.com\/index.php\/wp-json\/wp\/v2\/posts\/9739\/revisions\/9741"}],"wp:featuredmedia":[{"embeddable":true,"href":"https:\/\/bihavadis.com\/index.php\/wp-json\/wp\/v2\/media\/9740"}],"wp:attachment":[{"href":"https:\/\/bihavadis.com\/index.php\/wp-json\/wp\/v2\/media?parent=9739"}],"wp:term":[{"taxonomy":"category","embeddable":true,"href":"https:\/\/bihavadis.com\/index.php\/wp-json\/wp\/v2\/categories?post=9739"},{"taxonomy":"post_tag","embeddable":true,"href":"https:\/\/bihavadis.com\/index.php\/wp-json\/wp\/v2\/tags?post=9739"}],"curies":[{"name":"wp","href":"https:\/\/api.w.org\/{rel}","templated":true}]}}