{"id":9766,"date":"2026-02-01T11:03:07","date_gmt":"2026-02-01T11:03:07","guid":{"rendered":"https:\/\/bihavadis.com\/?p=9766"},"modified":"2026-02-01T11:03:07","modified_gmt":"2026-02-01T11:03:07","slug":"trabzonsporun-takim-otobusune-tasli-saldiri","status":"publish","type":"post","link":"https:\/\/bihavadis.com\/index.php\/2026\/02\/01\/trabzonsporun-takim-otobusune-tasli-saldiri\/","title":{"rendered":"Trabzonspor&#8217;un tak\u0131m otob\u00fcs\u00fcne ta\u015fl\u0131 sald\u0131r\u0131"},"content":{"rendered":"<p>Trabzonspor\u2019un, S\u00fcper Lig\u2019in 20. haftas\u0131nda Antalyaspor ile oynayaca\u011f\u0131 kar\u015f\u0131la\u015fma \u00f6ncesi tak\u0131m otob\u00fcs\u00fc ta\u015fl\u0131 sald\u0131r\u0131ya u\u011frad\u0131.<\/p>\n<p>Bordo-mavili kafile, stadyuma hareket etti\u011fi s\u0131rada kimli\u011fi belirsiz ki\u015fi ya da ki\u015filer taraf\u0131ndan hedef al\u0131nd\u0131.<\/p>\n<p>Ya\u015fanan sald\u0131r\u0131 Trabzonspor camias\u0131nda tepkiye yol a\u00e7arken, Trabzonspor Kul\u00fcb\u00fc resmi hesaplar\u0131ndan bir k\u0131nama mesaj\u0131 yay\u0131mlad\u0131.<\/p>\n<p><strong>KUL\u00dcPTEN KINAMA MESAJI<\/strong><\/p>\n<p>Mesajda, son g\u00fcnlerde kul\u00fcbe y\u00f6nelik art arda ger\u00e7ekle\u015fen sald\u0131r\u0131lar\u0131n kabul edilemez boyuta ula\u015ft\u0131\u011f\u0131 vurguland\u0131.<\/p>\n<p>Kul\u00fcpten yap\u0131lan a\u00e7\u0131klamada \u015fu ifadelere yer verildi:<\/p>\n<p>Ge\u00e7ti\u011fimiz g\u00fcnlerde Kocaelispor deplasman\u0131n\u0131n d\u00f6n\u00fc\u015f yolunda Ba\u015fkan\u0131m\u0131z Ertu\u011frul Do\u011fan\u2019\u0131n arac\u0131na y\u00f6nelik ger\u00e7ekle\u015ftirilen eylemin ard\u0131ndan, bu kez de Antalyaspor kar\u015f\u0131la\u015fmas\u0131 i\u00e7in stadyuma hareket eden tak\u0131m otob\u00fcs\u00fcm\u00fcze ta\u015fl\u0131 sald\u0131r\u0131 ger\u00e7ekle\u015fmi\u015ftir. Arka arkaya ya\u015fanan bu menfur olaylar kabul edilemez bir noktaya ula\u015fm\u0131\u015ft\u0131r. Kul\u00fcb\u00fcm\u00fcze y\u00f6nelik ger\u00e7ekle\u015ftirilen bu a\u015fa\u011f\u0131l\u0131k sald\u0131r\u0131lar\u0131 en g\u00fc\u00e7l\u00fc \u015fekilde k\u0131n\u0131yor; faillerin bir an \u00f6nce tespit edilerek gerekli cezalar\u0131 almalar\u0131n\u0131 bekliyoruz.<\/p>\n<p><img decoding=\"async\" src=\"https:\/\/bihavadis.com\/wp-content\/uploads\/2026\/02\/trabzonsporun-takim-otobusune-tasli-saldiri-0-raxXeriS.jpg\"\/><\/p>\n<p><strong>GE\u00c7EN HAFTA DA BA\u015eKANIN ARACI HEDEF ALINDI<\/strong><\/p>\n<p>\u00d6te yandan ge\u00e7ti\u011fimiz hafta Kocaelispor ma\u00e7\u0131 sonras\u0131 Trabzonspor Ba\u015fkan\u0131 Ertu\u011frul Do\u011fan\u2019\u0131n arac\u0131na y\u00f6nelik sald\u0131r\u0131 giri\u015fimi ya\u015fanm\u0131\u015ft\u0131.<\/p>\n<p>Stattan \u00f6zel arac\u0131yla ayr\u0131lan Do\u011fan ve Asba\u015fkan Zeyyat Kafkas&#8217;\u0131n bulundu\u011fu arabaya bir grup Kocaelispor taraftar\u0131 yumruklu sald\u0131r\u0131 ger\u00e7ekle\u015fti.<\/p>\n<p><img decoding=\"async\" src=\"https:\/\/bihavadis.com\/wp-content\/uploads\/2026\/02\/trabzonsporun-takim-otobusune-tasli-saldiri-1-Onrzs1b4.jpg\"\/><\/p>\n","protected":false},"excerpt":{"rendered":"<p>Antalyaspor ile oynayacaklar\u0131 lig ma\u00e7\u0131 i\u00e7in kente gelen Trabzonspor&#8217;un tak\u0131m otob\u00fcs\u00fcne ta\u015fl\u0131 sald\u0131r\u0131 ger\u00e7ekle\u015ftirildi. Sald\u0131r\u0131ya ili\u015fkin Trabzonspor&#8217;un sosyal medya platformlar\u0131ndan bir k\u0131nama mesaj\u0131 payla\u015f\u0131ld\u0131.<\/p>\n","protected":false},"author":1,"featured_media":9767,"comment_status":"open","ping_status":"open","sticky":false,"template":"","format":"standard","meta":{"footnotes":""},"categories":[14],"tags":[794],"class_list":["post-9766","post","type-post","status-publish","format-standard","has-post-thumbnail","hentry","category-spor","tag-saldiri"],"_links":{"self":[{"href":"https:\/\/bihavadis.com\/index.php\/wp-json\/wp\/v2\/posts\/9766","targetHints":{"allow":["GET"]}}],"collection":[{"href":"https:\/\/bihavadis.com\/index.php\/wp-json\/wp\/v2\/posts"}],"about":[{"href":"https:\/\/bihavadis.com\/index.php\/wp-json\/wp\/v2\/types\/post"}],"author":[{"embeddable":true,"href":"https:\/\/bihavadis.com\/index.php\/wp-json\/wp\/v2\/users\/1"}],"replies":[{"embeddable":true,"href":"https:\/\/bihavadis.com\/index.php\/wp-json\/wp\/v2\/comments?post=9766"}],"version-history":[{"count":1,"href":"https:\/\/bihavadis.com\/index.php\/wp-json\/wp\/v2\/posts\/9766\/revisions"}],"predecessor-version":[{"id":9770,"href":"https:\/\/bihavadis.com\/index.php\/wp-json\/wp\/v2\/posts\/9766\/revisions\/9770"}],"wp:featuredmedia":[{"embeddable":true,"href":"https:\/\/bihavadis.com\/index.php\/wp-json\/wp\/v2\/media\/9767"}],"wp:attachment":[{"href":"https:\/\/bihavadis.com\/index.php\/wp-json\/wp\/v2\/media?parent=9766"}],"wp:term":[{"taxonomy":"category","embeddable":true,"href":"https:\/\/bihavadis.com\/index.php\/wp-json\/wp\/v2\/categories?post=9766"},{"taxonomy":"post_tag","embeddable":true,"href":"https:\/\/bihavadis.com\/index.php\/wp-json\/wp\/v2\/tags?post=9766"}],"curies":[{"name":"wp","href":"https:\/\/api.w.org\/{rel}","templated":true}]}}