{"id":9916,"date":"2026-02-01T13:21:06","date_gmt":"2026-02-01T13:21:06","guid":{"rendered":"https:\/\/bihavadis.com\/?p=9916"},"modified":"2026-02-01T13:21:06","modified_gmt":"2026-02-01T13:21:06","slug":"chp-heyeti-6-subat-anmalari-oncesinde-adiyamanda-incelemeler-yapti","status":"publish","type":"post","link":"https:\/\/bihavadis.com\/index.php\/2026\/02\/01\/chp-heyeti-6-subat-anmalari-oncesinde-adiyamanda-incelemeler-yapti\/","title":{"rendered":"CHP heyeti, 6 \u015eubat anmalar\u0131 \u00f6ncesinde Ad\u0131yaman&#8217;da incelemeler yapt\u0131"},"content":{"rendered":"<p> Cumhuriyet Halk Partisi Genel Merkez heyeti, 6 \u015eubat depremlerinin 3&#8217;\u00fcnc\u00fc y\u0131l d\u00f6n\u00fcm\u00fc anmalar\u0131 \u00f6ncesinde Ad\u0131yaman&#8217;da bir dizi ziyaret ve temasta bulundu.<\/p>\n<p>Heyette Ekonomi Politikalardan Sorumlu Genel Ba\u015fkan Yard\u0131mc\u0131s\u0131 G\u00fcldem Atabay, Milli E\u011fitim Politika Kurulu Ba\u015fkan\u0131 Suat \u00d6z\u00e7a\u011fda\u015f, \u00c7evre \u015eehircilik ve \u0130klim De\u011fi\u015fikli\u011fi Politika Kurulu Ba\u015fkan\u0131 Seyit Torun ve \u00c7al\u0131\u015fma ve Sosyal G\u00fcvenlik Politika Kurulu Ba\u015fkan\u0131 Gamze Ta\u015fc\u0131er yer ald\u0131. CHP Genel Merkez heyeti, program kapsam\u0131nda \u00f6nce Belediye Ba\u015fkan\u0131 Abdurrahman Tutdere&#8217;yi makam\u0131nda ziyaret etti.<\/p>\n<p>Ziyaret, Ad\u0131yaman Belediyesi&#8217;nin son 20 ayda ger\u00e7ekle\u015ftirdi\u011fi \u00e7al\u0131\u015fmalar\u0131n aktar\u0131ld\u0131\u011f\u0131 slayt g\u00f6sterimiyle ba\u015flad\u0131. Belediye Ba\u015fkan\u0131 Abdurrahman Tutdere, devam eden ve planlanan projelere ili\u015fkin k\u0131sa bir sunum yaparak CHP heyetinin ziyaretinden duydu\u011fu memnuniyeti dile getirdi.<\/p>\n<p>6 \u015eubat depremlerinin ard\u0131ndan CHP Genel Ba\u015fkan\u0131 \u00d6zg\u00fcr \u00d6zel \u00f6nc\u00fcl\u00fc\u011f\u00fcnde CHP&#8217;li belediyelerin Ad\u0131yaman&#8217;a g\u00f6sterdi\u011fi dayan\u0131\u015fma ve desteklere te\u015fekk\u00fcr eden Ba\u015fkan Tutdere, &#8220;Depremden bu yana t\u00fcm ekibimizle birlikte \u00e7ok yo\u011fun bir \u00e7al\u0131\u015fma i\u00e7erisindeyiz. Y\u0131k\u0131lan kenti yeniden in\u015fa s\u00fcreci kararl\u0131l\u0131kla devam ediyor. Kendi hizmet binam\u0131z depremde hasar ald\u0131\u011f\u0131 i\u00e7in birimlerimiz \u015fu an kentin farkl\u0131 noktalar\u0131nda, konteynerlerde hizmet veriyor. K\u0131sa s\u00fcre i\u00e7erisinde kendi binam\u0131za ge\u00e7meyi hedefliyoruz. Ad\u0131yaman&#8217;da hummal\u0131 bir \u00e7al\u0131\u015fma var. \u015eehir yeniden aya\u011fa kalk\u0131yor, halk\u0131m\u0131z\u0131n umutlar\u0131 diri. Biz de bu umutlar\u0131 b\u00fcy\u00fctmek i\u00e7in t\u00fcm ekiplerimizle sahaday\u0131z. Bu s\u00fcre\u00e7te ba\u015fta Say\u0131n Genel Ba\u015fkan\u0131m\u0131z olmak \u00fczere, b\u00fcy\u00fck\u015fehir belediyelerimizin ve t\u00fcm CHP&#8217;li kurumlar\u0131n g\u00fc\u00e7l\u00fc dayan\u0131\u015fmas\u0131n\u0131 yan\u0131m\u0131zda hissediyoruz. Halk\u0131m\u0131zla ve kurumlar\u0131m\u0131zla birlikte ya\u015fam\u0131 yeniden in\u015fa ediyoruz. Anma programlar\u0131 kapsam\u0131nda Genel Ba\u015fkan\u0131m\u0131z \u00d6zg\u00fcr \u00d6zel, \u00e7ok say\u0131da milletvekili ve belediye ba\u015fkan\u0131m\u0131zla birlikte 4 \u015eubat ak\u015fam\u0131 Ad\u0131yaman&#8217;a gelecek. 6 \u015eubat g\u00fcn\u00fc saat 10.00&#8217;a kadar kentimizde olacak. Bu zor g\u00fcnlerde Ad\u0131yaman halk\u0131n\u0131n yan\u0131nda olmak \u00fczere program\u0131n\u0131 \u00f6zellikle kentimize ayarlayan Genel Ba\u015fkan\u0131m\u0131za ve t\u00fcm Cumhuriyet Halk Partisi kadrolar\u0131na te\u015fekk\u00fcr ediyorum&#8221; diye konu\u015ftu.<\/p>\n<p>Ziyaret kapsam\u0131nda Belediye Ba\u015fkan\u0131 Abdurrahman Tutdere, konuklar\u0131na 6 \u015eubat depremlerinin ard\u0131ndan Ad\u0131yaman&#8217;\u0131n simgelerinden biri haline gelen ve depremin ya\u015fand\u0131\u011f\u0131 an\u0131 temsil eden Saat Kulesi maketi ve depremin ard\u0131ndan filizlenen yeniden ya\u015fam umudunu ve toplumsal dayan\u0131\u015fmay\u0131 simgeleyen &#8216;umut \u00e7i\u00e7e\u011fi&#8217; takdim etti. &#8211; ADIYAMAN<\/p>\n","protected":false},"excerpt":{"rendered":"<p>Cumhuriyet Halk Partisi Genel Merkez heyeti, 6 \u015eubat depremlerinin 3&#8217;\u00fcnc\u00fc y\u0131l d\u00f6n\u00fcm\u00fc anmalar\u0131 \u00f6ncesinde Ad\u0131yaman&#8217;da ziyaretlerde bulundu. Heyet, Belediye Ba\u015fkan\u0131 Abdurrahman Tutdere ile g\u00f6r\u00fc\u015ferek, depremin ard\u0131ndan yap\u0131lan \u00e7al\u0131\u015fmalar hakk\u0131nda bilgi ald\u0131.<\/p>\n","protected":false},"author":1,"featured_media":9917,"comment_status":"open","ping_status":"open","sticky":false,"template":"","format":"standard","meta":{"footnotes":""},"categories":[8],"tags":[2191,516,372,1637,319],"class_list":["post-9916","post","type-post","status-publish","format-standard","has-post-thumbnail","hentry","category-ekonomi","tag-adiyaman","tag-baskan","tag-belediye","tag-chp","tag-ziyaret"],"_links":{"self":[{"href":"https:\/\/bihavadis.com\/index.php\/wp-json\/wp\/v2\/posts\/9916","targetHints":{"allow":["GET"]}}],"collection":[{"href":"https:\/\/bihavadis.com\/index.php\/wp-json\/wp\/v2\/posts"}],"about":[{"href":"https:\/\/bihavadis.com\/index.php\/wp-json\/wp\/v2\/types\/post"}],"author":[{"embeddable":true,"href":"https:\/\/bihavadis.com\/index.php\/wp-json\/wp\/v2\/users\/1"}],"replies":[{"embeddable":true,"href":"https:\/\/bihavadis.com\/index.php\/wp-json\/wp\/v2\/comments?post=9916"}],"version-history":[{"count":1,"href":"https:\/\/bihavadis.com\/index.php\/wp-json\/wp\/v2\/posts\/9916\/revisions"}],"predecessor-version":[{"id":9918,"href":"https:\/\/bihavadis.com\/index.php\/wp-json\/wp\/v2\/posts\/9916\/revisions\/9918"}],"wp:featuredmedia":[{"embeddable":true,"href":"https:\/\/bihavadis.com\/index.php\/wp-json\/wp\/v2\/media\/9917"}],"wp:attachment":[{"href":"https:\/\/bihavadis.com\/index.php\/wp-json\/wp\/v2\/media?parent=9916"}],"wp:term":[{"taxonomy":"category","embeddable":true,"href":"https:\/\/bihavadis.com\/index.php\/wp-json\/wp\/v2\/categories?post=9916"},{"taxonomy":"post_tag","embeddable":true,"href":"https:\/\/bihavadis.com\/index.php\/wp-json\/wp\/v2\/tags?post=9916"}],"curies":[{"name":"wp","href":"https:\/\/api.w.org\/{rel}","templated":true}]}}