{"id":9941,"date":"2026-02-01T13:45:05","date_gmt":"2026-02-01T13:45:05","guid":{"rendered":"https:\/\/bihavadis.com\/?p=9941"},"modified":"2026-02-01T13:45:05","modified_gmt":"2026-02-01T13:45:05","slug":"abdde-ice-karsiti-gosteriler-suruyor","status":"publish","type":"post","link":"https:\/\/bihavadis.com\/index.php\/2026\/02\/01\/abdde-ice-karsiti-gosteriler-suruyor\/","title":{"rendered":"ABD&#8217;de ICE kar\u015f\u0131t\u0131 g\u00f6steriler s\u00fcr\u00fcyor"},"content":{"rendered":"<p>ABD kamuoyunda son g\u00fcnlerin en tart\u0131\u015fmal\u0131 konular\u0131ndan biri olan ICE g\u00f6revlilerinin g\u00f6\u00e7men kar\u015f\u0131t\u0131 bask\u0131nlar\u0131 ve bunlara y\u00f6nelik protestolarda iki ABD vatanda\u015f\u0131n\u0131n \u00f6ld\u00fcr\u00fclmesine y\u00f6nelik tepkiler devam ediyor.<\/p>\n<p><strong>M\u0130NNEAPOL\u0130S\u2019TE ICE KAR\u015eITI PROTESTOLAR SO\u011eU\u011eA RA\u011eMEN S\u00dcRD\u00dc<\/strong><\/p>\n<p>Protestolar\u0131n merkez \u00fcss\u00fc say\u0131lan Minneapolis kentinde y\u00fczlerce g\u00f6sterici, -14 dereceye kadar d\u00fc\u015fen hava s\u0131cakl\u0131\u011f\u0131na ra\u011fmen Minneapolis H\u00fckumet Binas\u0131 Park\u0131&#8217;n\u0131 doldurdu.<\/p>\n<p>ICE aleyhinde sloganlar atan ve pankartlar ta\u015f\u0131yan g\u00f6stericiler, ICE g\u00f6revlilerinin Minnesota eyaletini terk etmesini talep etti.<\/p>\n<p>Kentin pek \u00e7ok caddesi protesto nedeniyle trafi\u011fe kapat\u0131l\u0131rken, yediden yetmi\u015fe \u00e7ok say\u0131da Minneapolisli y\u00fcr\u00fcy\u00fc\u015fe kat\u0131larak tepkisini dile getirdi.<\/p>\n<p>Bir\u00e7ok g\u00f6sterici ICE&#8217;\u0131n tamamen la\u011fvedilmesini talep ederken, bu konuda Washington&#8217;a da net mesajlar verdi. Hem ABD Ba\u015fkan\u0131 Donald Trump&#8217;a hem de Kongre&#8217;ye ICE konusunda ad\u0131m atmas\u0131 \u00e7a\u011fr\u0131s\u0131nda bulunan g\u00f6stericiler, a\u015f\u0131r\u0131 so\u011fu\u011fa ra\u011fmen protesto y\u00fcr\u00fcy\u00fc\u015f\u00fcn\u00fc tamamlad\u0131.<\/p>\n<p><img decoding=\"async\" src=\"https:\/\/bihavadis.com\/wp-content\/uploads\/2026\/02\/abdde-ice-karsiti-gosteriler-suruyor-0-qIWGNBJR.jpg\"\/> <\/p>\n<p>AA muhabirine duygu ve d\u00fc\u015f\u00fcncelerini anlatan Jodi Irwin adl\u0131 ABD vatanda\u015f\u0131, <em><b>&#8220;\u0130nsanlar\u0131, \u00e7ocuklar\u0131, kom\u015fular\u0131m\u0131 ka\u00e7\u0131r\u0131yor olmalar\u0131, onlar\u0131 sokak ortas\u0131nda \u00f6ld\u00fcrmeleri\u2026 Ne diyece\u011fimi bilmiyorum, sanki sald\u0131r\u0131 alt\u0131nday\u0131z, sanki kendi \u00fclkemizden, kendi h\u00fck\u00fcmetimizden gelen bir sava\u015f\u0131n i\u00e7indeyiz.&#8221;<\/b><\/em> diye konu\u015ftu.<\/p>\n<p>Soyad\u0131n\u0131 vermek istemeyen Brendan adl\u0131 bir di\u011fer ABD vatanda\u015f\u0131 da ICE&#8217;\u0131n uygulad\u0131\u011f\u0131 y\u00f6ntemlerin kabul edilemez oldu\u011funu vurgulayarak,  dedi.<\/p>\n<p>Emmet Thiede adl\u0131 bir di\u011fer g\u00f6sterici de ICE&#8217;\u0131n \u00f6zellikle yabanc\u0131 \u00f6\u011frencileri de hedef almas\u0131na tepki g\u00f6stererek, <em><b>&#8220;Biz gen\u00e7ler, \u00fcniversite \u00f6\u011frencileri olarak burada halk\u0131m\u0131za destek veriyoruz. Her g\u00fcn bir\u00e7ok s\u0131n\u0131f arkada\u015f\u0131m s\u0131n\u0131r d\u0131\u015f\u0131 ediliyor. Minnesota i\u00e7in sava\u015faca\u011f\u0131z, bu bizim \u015fehrimiz. Kimse benim \u015fehrime gelip arkada\u015flar\u0131m\u0131 ve aile \u00fcyelerimi ka\u00e7\u0131ramaz.&#8221;<\/b><\/em> diye konu\u015ftu.<\/p>\n<p><img decoding=\"async\" src=\"https:\/\/bihavadis.com\/wp-content\/uploads\/2026\/02\/abdde-ice-karsiti-gosteriler-suruyor-1-ApyC78Vj.jpg\"\/><\/p>\n<p><strong>MINNESOTA&#8217;DAK\u0130 OLAYLAR<\/strong><\/p>\n<p>Minneapolis&#8217;te G\u00f6\u00e7menlik ve G\u00fcmr\u00fck Muhafaza (ICE) g\u00f6revlileri, 7 Ocak&#8217;ta da g\u00f6\u00e7menlere y\u00f6nelik operasyonlar\u0131 s\u0131ras\u0131nda 37 ya\u015f\u0131ndaki Amerikal\u0131 Renee Nicole Macklin Good adl\u0131 ABD vatanda\u015f\u0131 kad\u0131n\u0131 arac\u0131nda silahla \u00f6ld\u00fcrm\u00fc\u015ft\u00fc.<\/p>\n<p>\u0130\u00e7 G\u00fcvenlik Bakan\u0131 Kristi Noem, bu ki\u015finin ICE memurlar\u0131n\u0131 <em><b>&#8220;ezmeye \u00e7al\u0131\u015ft\u0131\u011f\u0131n\u0131 ve arac\u0131yla onlara \u00e7arpt\u0131\u011f\u0131n\u0131&#8221;<\/b><\/em> \u00f6ne s\u00fcrm\u00fc\u015ft\u00fc.<\/p>\n<p>Minneapolis&#8217;teki protestolar s\u0131ras\u0131nda 24 Ocak&#8217;ta bir ki\u015fi daha ICE ekiplerince g\u00f6zalt\u0131na al\u0131nmaya \u00e7al\u0131\u015f\u0131l\u0131rken vurulmu\u015ftu.<\/p>\n<p>Yetkililer, 37 ya\u015f\u0131ndaki kurban\u0131n Alex Jeffrey Pretti adl\u0131 Amerikal\u0131 bir hem\u015fire oldu\u011funu ve olaylar esnas\u0131nda yan\u0131nda bir silah bulundurdu\u011funu a\u00e7\u0131klam\u0131\u015ft\u0131.<\/p>\n<p><img decoding=\"async\" src=\"https:\/\/bihavadis.com\/wp-content\/uploads\/2026\/02\/abdde-ice-karsiti-gosteriler-suruyor-2-2DE9k2ei.jpg\"\/><\/p>\n<p><img decoding=\"async\" src=\"https:\/\/bihavadis.com\/wp-content\/uploads\/2026\/02\/abdde-ice-karsiti-gosteriler-suruyor-3-VnfEkdeV.jpg\"\/><\/p>\n","protected":false},"excerpt":{"rendered":"<p>ABD&#8217;nin Minneapolis kentinde son d\u00f6nemde iki Amerikal\u0131n\u0131n G\u00f6\u00e7menlik ve G\u00fcmr\u00fck Muhafaza (ICE) g\u00f6revlileri taraf\u0131ndan vurularak \u00f6ld\u00fcr\u00fclmesiyle b\u00fcy\u00fcyen g\u00f6steriler bug\u00fcn de devam etti.<\/p>\n","protected":false},"author":1,"featured_media":9942,"comment_status":"open","ping_status":"open","sticky":false,"template":"","format":"standard","meta":{"footnotes":""},"categories":[6],"tags":[272,1376,2196,2197,1274],"class_list":["post-9941","post","type-post","status-publish","format-standard","has-post-thumbnail","hentry","category-dunya","tag-abd","tag-adli","tag-ice","tag-minneapolis","tag-protesto"],"_links":{"self":[{"href":"https:\/\/bihavadis.com\/index.php\/wp-json\/wp\/v2\/posts\/9941","targetHints":{"allow":["GET"]}}],"collection":[{"href":"https:\/\/bihavadis.com\/index.php\/wp-json\/wp\/v2\/posts"}],"about":[{"href":"https:\/\/bihavadis.com\/index.php\/wp-json\/wp\/v2\/types\/post"}],"author":[{"embeddable":true,"href":"https:\/\/bihavadis.com\/index.php\/wp-json\/wp\/v2\/users\/1"}],"replies":[{"embeddable":true,"href":"https:\/\/bihavadis.com\/index.php\/wp-json\/wp\/v2\/comments?post=9941"}],"version-history":[{"count":1,"href":"https:\/\/bihavadis.com\/index.php\/wp-json\/wp\/v2\/posts\/9941\/revisions"}],"predecessor-version":[{"id":9947,"href":"https:\/\/bihavadis.com\/index.php\/wp-json\/wp\/v2\/posts\/9941\/revisions\/9947"}],"wp:featuredmedia":[{"embeddable":true,"href":"https:\/\/bihavadis.com\/index.php\/wp-json\/wp\/v2\/media\/9942"}],"wp:attachment":[{"href":"https:\/\/bihavadis.com\/index.php\/wp-json\/wp\/v2\/media?parent=9941"}],"wp:term":[{"taxonomy":"category","embeddable":true,"href":"https:\/\/bihavadis.com\/index.php\/wp-json\/wp\/v2\/categories?post=9941"},{"taxonomy":"post_tag","embeddable":true,"href":"https:\/\/bihavadis.com\/index.php\/wp-json\/wp\/v2\/tags?post=9941"}],"curies":[{"name":"wp","href":"https:\/\/api.w.org\/{rel}","templated":true}]}}