{"id":9981,"date":"2026-02-01T14:21:06","date_gmt":"2026-02-01T14:21:06","guid":{"rendered":"https:\/\/bihavadis.com\/?p=9981"},"modified":"2026-02-01T14:21:06","modified_gmt":"2026-02-01T14:21:06","slug":"suc-orgutu-serdar-sertcelik-turkiyeye-getirildi","status":"publish","type":"post","link":"https:\/\/bihavadis.com\/index.php\/2026\/02\/01\/suc-orgutu-serdar-sertcelik-turkiyeye-getirildi\/","title":{"rendered":"Su\u00e7 \u00f6rg\u00fct\u00fc Serdar Sert\u00e7elik T\u00fcrkiye&#8217;ye getirildi"},"content":{"rendered":"<p>G\u00fcvenlik g\u00fc\u00e7leri ba\u015far\u0131l\u0131 operasyonlar\u0131n\u0131 s\u00fcrd\u00fcr\u00fcyor.\u00a0<\/p>\n<p>Hem d\u0131\u015far\u0131da hem de i\u00e7eride yap\u0131lan ba\u015far\u0131l\u0131 operasyonlara bir yenisi daha eklendi.\u00a0<\/p>\n<p>Bu kapsamda da organize su\u00e7 \u00f6rg\u00fct\u00fc y\u00f6neticisi Serdar Sert\u00e7elik, T\u00fcrkiye&#8217;ye getirildi.<\/p>\n<p><strong>AL\u0130 YERL\u0130KAYA DUYURDU<\/strong><\/p>\n<p>\u0130\u00e7i\u015fleri Bakan\u0131 Ali Yerlikaya, yapt\u0131\u011f\u0131 a\u00e7\u0131klamada Sert\u00e7elik&#8217;in T\u00fcrkiye&#8217;ye getirildi\u011fini duyurdu ve g\u00f6r\u00fcnt\u00fclerini payla\u015ft\u0131.\u00a0<\/p>\n<p>Bakan Yerlikaya a\u00e7\u0131klamas\u0131nda \u015f\u00f6yle dedi;\u00a0<\/p>\n<p><strong>KIRMIZI B\u00dcLTENLE ARANIYORDU<\/strong><\/p>\n<p><em><b>\u201cK\u0131rm\u0131z\u0131 B\u00fclten ile arad\u0131\u011f\u0131m\u0131z Macaristan\u2019da tutuklu bulunan A.B.K. Organize Su\u00e7 \u00d6rg\u00fct\u00fc Y\u00f6neticisi Serdar Sert\u00e7elik T\u00fcrkiye\u2019de\u201d Emniyet Genel M\u00fcd\u00fcrl\u00fc\u011f\u00fc KOM Ba\u015fkanl\u0131\u011f\u0131 ve \u0130nterpol-Europol Daire Ba\u015fkanl\u0131\u011f\u0131 g\u00f6revlileri ile Macar Polisi taraf\u0131ndan, A.B.K. Organize su\u00e7 \u00f6rg\u00fct\u00fc y\u00f6neticisi Serdar Sert\u00e7elik Macaristan\u2019dan \u00fclkemize getirildi.<\/b><\/em><\/p>\n<p><strong>MACAR\u0130STAN&#8217;DA TUTUKLANMI\u015eTI<\/strong><\/p>\n<p><em><b>\u201cSu\u00e7 \u0130\u015flemek Amac\u0131yla Kurulan \u00d6rg\u00fcte \u00dcye Olma&#8221;, &#8220;Kasten \u00d6ld\u00fcrme ve Bir Su\u00e7u Gizlemek&#8221;, &#8220;Ba\u015fka Bir Su\u00e7un Delillerini Gizlemek ya da Yakalanmamak Amac\u0131yla \u00d6ld\u00fcrme\u201d su\u00e7lar\u0131ndan hakk\u0131nda k\u0131rm\u0131z\u0131 b\u00fclten \u00e7\u0131kart\u0131lan Serdar Ser\u00e7elik 25.05.2024 tarihinde Macaristan\u2019da yakalanm\u0131\u015f ve tutuklanm\u0131\u015ft\u0131.&#8221;\u00a0<\/b><\/em><\/p>\n<p><img decoding=\"async\" src=\"https:\/\/bihavadis.com\/wp-content\/uploads\/2026\/02\/suc-orgutu-serdar-sertcelik-turkiyeye-getirildi-0-DQywduiN.jpg\"\/><\/p>\n<p><img decoding=\"async\" src=\"https:\/\/bihavadis.com\/wp-content\/uploads\/2026\/02\/suc-orgutu-serdar-sertcelik-turkiyeye-getirildi-1-dNtUQaN5.jpg\"\/><\/p>\n","protected":false},"excerpt":{"rendered":"<p>Emniyet Genel M\u00fcd\u00fcrl\u00fc\u011f\u00fc KOM Ba\u015fkanl\u0131\u011f\u0131 ve \u0130nterpol-Europol Daire Ba\u015fkanl\u0131\u011f\u0131 g\u00f6revlileri ile Macar Polisi taraf\u0131ndan, A.B.K. organize su\u00e7 \u00f6rg\u00fct\u00fc y\u00f6neticisi Serdar Sert\u00e7elik&#8217;in Macaristan\u2019dan T\u00fcrkiye&#8217;ye getirildi\u011fi a\u00e7\u0131kland\u0131.<\/p>\n","protected":false},"author":1,"featured_media":9982,"comment_status":"open","ping_status":"open","sticky":false,"template":"","format":"standard","meta":{"footnotes":""},"categories":[9,13],"tags":[2202,286],"class_list":["post-9981","post","type-post","status-publish","format-standard","has-post-thumbnail","hentry","category-genel","category-son-dakika","tag-macar","tag-suc"],"_links":{"self":[{"href":"https:\/\/bihavadis.com\/index.php\/wp-json\/wp\/v2\/posts\/9981","targetHints":{"allow":["GET"]}}],"collection":[{"href":"https:\/\/bihavadis.com\/index.php\/wp-json\/wp\/v2\/posts"}],"about":[{"href":"https:\/\/bihavadis.com\/index.php\/wp-json\/wp\/v2\/types\/post"}],"author":[{"embeddable":true,"href":"https:\/\/bihavadis.com\/index.php\/wp-json\/wp\/v2\/users\/1"}],"replies":[{"embeddable":true,"href":"https:\/\/bihavadis.com\/index.php\/wp-json\/wp\/v2\/comments?post=9981"}],"version-history":[{"count":1,"href":"https:\/\/bihavadis.com\/index.php\/wp-json\/wp\/v2\/posts\/9981\/revisions"}],"predecessor-version":[{"id":9985,"href":"https:\/\/bihavadis.com\/index.php\/wp-json\/wp\/v2\/posts\/9981\/revisions\/9985"}],"wp:featuredmedia":[{"embeddable":true,"href":"https:\/\/bihavadis.com\/index.php\/wp-json\/wp\/v2\/media\/9982"}],"wp:attachment":[{"href":"https:\/\/bihavadis.com\/index.php\/wp-json\/wp\/v2\/media?parent=9981"}],"wp:term":[{"taxonomy":"category","embeddable":true,"href":"https:\/\/bihavadis.com\/index.php\/wp-json\/wp\/v2\/categories?post=9981"},{"taxonomy":"post_tag","embeddable":true,"href":"https:\/\/bihavadis.com\/index.php\/wp-json\/wp\/v2\/tags?post=9981"}],"curies":[{"name":"wp","href":"https:\/\/api.w.org\/{rel}","templated":true}]}}